{"id":915,"date":"2011-09-25T10:41:41","date_gmt":"2011-09-25T08:41:41","guid":{"rendered":"http:\/\/www.pratamedrut.se\/blog\/?p=915"},"modified":"2011-09-26T18:26:22","modified_gmt":"2011-09-26T16:26:22","slug":"borta-bra-men-hemma-bast","status":"publish","type":"post","link":"http:\/\/www.pratamedrut.se\/blog\/borta-bra-men-hemma-bast\/","title":{"rendered":"Borta bra men hemma b\u00e4st"},"content":{"rendered":"<p>Nu \u00e4r vi hemma igen, tr\u00f6tta men v\u00e4lbeh\u00e5llna&#8230;<\/p>\n<p>Resten av resan gick bra, var v\u00e4ldigt sk\u00f6nt att ha economy extra den h\u00e4r flygningen ocks\u00e5, lyckades faktiskt sova ett par timmar. Resan b\u00f6rjade med middag, sen en film, sen sova, sen frukost och helt pl\u00f6tsligt landade vi, v\u00e4ldigt sk\u00f6nt.<\/p>\n<p>Fredriks f\u00f6r\u00e4ldrar h\u00e4mtade oss p\u00e5 Arlanda, det var lyx, f\u00f6r \u00e4ven om Arlanda express g\u00e5r v\u00e4ldigt fort s\u00e5 g\u00e5r ju inte t-banan lika fort nu n\u00e4r bl\u00e5 linjen \u00e4r halvt avst\u00e4ngd. Strax efter \u00e5tta var vi s\u00e5 hemma i l\u00e4genheten igen. Vi b\u00f6rjade med att g\u00e5 igenom posten, inget missat d\u00e4r inte, och sedan tog vi en kopp kaffe, f\u00f6r att h\u00e5lla oss vakna. Vi har b\u00f6rjat packa upp lite grann i all fall. Jag beh\u00f6ver nog l\u00e4gga en del av dagen p\u00e5 att sortera i garderoben. Lite ska nog packas ner f\u00f6r att f\u00e5 vila till n\u00e4sta sommar, och lite f\u00e5r nog hamna i en kasse f\u00f6r en eventuell kl\u00e4dbytardag fram\u00f6ver. :)<br \/>\nFredrik sitter just nu och kopplar upp sina nya dator, jag sl\u00f6kollar p\u00e5 tv och funderar p\u00e5 om det inte \u00e4r dags f\u00f6r en andra frukost, jag b\u00f6rjar bli lite hungrig, och det \u00e4r lite tidigt f\u00f6r lunch.<\/p>\n<p>Summa summarum har det varit en fantastisk resa\/semester. Det k\u00e4nns som om vi varit borta mycket l\u00e4ngre \u00e4n 2 veckor, 2 veckor \u00e4r ju ingenting, men det beror v\u00e4l kanske p\u00e5 att vi gjort s\u00e5 m\u00e5nga olika saker och bytt plats s\u00e5 ofta. Det har varit j\u00e4ttekul att se s\u00e5 m\u00e5nga platser, men det var ocks\u00e5 v\u00e4ldigt sk\u00f6nt att sista veckan bo lite fler n\u00e4tter p\u00e5 varje st\u00e4lle, det blev lite mer avkopplande. De tre n\u00e4tterna p\u00e5 Key Largo fyllde verkligen sitt syfte, att vi skulle bli s\u00e5 avkopplade att vi blev uttr\u00e5kade, och det blev jag, jag hade inte orkat en dag till bara liggandes vid poolen&#8230;<\/p>\n<p>Imorgon blir det till att g\u00e5 till jobbet igen, vilket k\u00e4nns helt okej \u00e4nd\u00e5, ska bli sp\u00e4nnande att se vad jag missat. :)<\/p>\n","protected":false},"excerpt":{"rendered":"<p>Nu \u00e4r vi hemma igen, tr\u00f6tta men v\u00e4lbeh\u00e5llna&#8230; Resten av resan gick bra, var v\u00e4ldigt sk\u00f6nt att ha economy extra den h\u00e4r flygningen ocks\u00e5, lyckades faktiskt sova ett par timmar. Resan b\u00f6rjade med middag, sen en film, sen sova, sen frukost och helt pl\u00f6tsligt landade vi, v\u00e4ldigt sk\u00f6nt. Fredriks f\u00f6r\u00e4ldrar h\u00e4mtade oss p\u00e5 Arlanda, det<\/p>\n<footer class=\"entry-footer index-entry\">\n<div class=\"post-social pull-left\"><a href=\"https:\/\/www.facebook.com\/sharer\/sharer.php?u=http%3A%2F%2Fwww.pratamedrut.se%2Fblog%2Fborta-bra-men-hemma-bast%2F\" target=\"_blank\" class=\"social-icons\"><i class=\"fa fa-facebook\" aria-hidden=\"true\"><\/i><\/a><a href=\"https:\/\/twitter.com\/home?status=http%3A%2F%2Fwww.pratamedrut.se%2Fblog%2Fborta-bra-men-hemma-bast%2F\" target=\"_blank\" class=\"social-icons\"><i class=\"fa fa-twitter\" aria-hidden=\"true\"><\/i><\/a><a href=\"https:\/\/www.linkedin.com\/shareArticle?mini=true&#038;url=http%3A%2F%2Fwww.pratamedrut.se%2Fblog%2Fborta-bra-men-hemma-bast%2F&#038;title=Borta+bra+men+hemma+b%C3%A4st\" target=\"_blank\" class=\"social-icons\"><i class=\"fa fa-linkedin\" aria-hidden=\"true\"><\/i><\/a><\/div>\n<p class=\"link-more\"><a href=\"http:\/\/www.pratamedrut.se\/blog\/borta-bra-men-hemma-bast\/\" class=\"more-link\">Continue reading <span class=\"meta-nav\">\u2192<\/span><\/a><\/p>\n<\/footer>\n","protected":false},"author":2,"featured_media":0,"comment_status":"open","ping_status":"open","sticky":false,"template":"","format":"standard","meta":{"ngg_post_thumbnail":0},"categories":[3,6],"tags":[],"jetpack_featured_media_url":"","_links":{"self":[{"href":"http:\/\/www.pratamedrut.se\/blog\/wp-json\/wp\/v2\/posts\/915"}],"collection":[{"href":"http:\/\/www.pratamedrut.se\/blog\/wp-json\/wp\/v2\/posts"}],"about":[{"href":"http:\/\/www.pratamedrut.se\/blog\/wp-json\/wp\/v2\/types\/post"}],"author":[{"embeddable":true,"href":"http:\/\/www.pratamedrut.se\/blog\/wp-json\/wp\/v2\/users\/2"}],"replies":[{"embeddable":true,"href":"http:\/\/www.pratamedrut.se\/blog\/wp-json\/wp\/v2\/comments?post=915"}],"version-history":[{"count":5,"href":"http:\/\/www.pratamedrut.se\/blog\/wp-json\/wp\/v2\/posts\/915\/revisions"}],"predecessor-version":[{"id":922,"href":"http:\/\/www.pratamedrut.se\/blog\/wp-json\/wp\/v2\/posts\/915\/revisions\/922"}],"wp:attachment":[{"href":"http:\/\/www.pratamedrut.se\/blog\/wp-json\/wp\/v2\/media?parent=915"}],"wp:term":[{"taxonomy":"category","embeddable":true,"href":"http:\/\/www.pratamedrut.se\/blog\/wp-json\/wp\/v2\/categories?post=915"},{"taxonomy":"post_tag","embeddable":true,"href":"http:\/\/www.pratamedrut.se\/blog\/wp-json\/wp\/v2\/tags?post=915"}],"curies":[{"name":"wp","href":"https:\/\/api.w.org\/{rel}","templated":true}]}}