{"id":465,"date":"2010-08-15T18:50:30","date_gmt":"2010-08-15T16:50:30","guid":{"rendered":"http:\/\/www.pratamedrut.se\/blog\/?p=465"},"modified":"2018-12-01T21:35:12","modified_gmt":"2018-12-01T20:35:12","slug":"den-sista-mossan-ar-sydd","status":"publish","type":"post","link":"http:\/\/www.pratamedrut.se\/blog\/den-sista-mossan-ar-sydd\/","title":{"rendered":"Den sista m\u00f6ssan \u00e4r sydd, sy en egen m\u00f6ssa&#8230;"},"content":{"rendered":"<p>Jag tog ett stort beslut i veckan, att l\u00e4gga m\u00f6ssproduktionen p\u00e5 is p\u00e5 obest\u00e4md framtid. Det k\u00e4nns otroligt befriande. Dessa m\u00f6ssor har gett mig st\u00e4ndigt d\u00e5ligt samvete. Det har alltid funnits n\u00e5gon att sy, men inte ork eller lust&#8230;<\/p>\n<p>De sista best\u00e4llningarna har legat alldeles f\u00f6r l\u00e4nge. De som f\u00e5tt v\u00e4nta \u00e4r Camilla och Frida. Det har i och f\u00f6r sig inte varit j\u00e4ttekallt p\u00e5 sistone, men \u00e4nd\u00e5. Fridas m\u00f6ssor \u00e4r dessutom inte till henne, utan till hennes nyf\u00f6dda dotter. Tanken var att dom skulle vara klara tills hon kom, men nu har hon kommit till v\u00e4rlden, och m\u00f6ssorna ligger fortfarande h\u00e4r.<\/p>\n<p>Jag tror att det var Ulfs lilla best\u00e4llning p\u00e5 26 m\u00f6ssor (det var inte han sj\u00e4lv som best\u00e4llda alla) som tog musten ur mig. Det blev liksom inte roligt l\u00e4ngre.<\/p>\n<p>Men som pl\u00e5ster p\u00e5 s\u00e5ren ger jag er nu hemligheten bakom K-Cab-m\u00f6ssorna, s\u00e5 att ni kan sy egna m\u00f6ssor. Det \u00e4r faktiskt inte s\u00e5 sv\u00e5rt, n\u00e4r man v\u00e4l listat ut hur man g\u00f6r. :)<\/p>\n<p>M\u00f6nstret (som du ser en sneak-peak av h\u00e4r nedan) \u00f6ppnas i ett nytt f\u00f6nster, d\u00e4rifr\u00e5n \u00e4r det bara att spara ner dokumentet, eller\u00a0skriva ut den direkt.<\/p>\n<p><a href=\"http:\/\/www.pratamedrut.se\/blog\/wp-content\/uploads\/2010\/08\/monster_mossa.pdf\" target=\"_blank\">M\u00f6nster p\u00e5 m\u00f6ssa<\/a><\/p>\n<p>Sew a beanie. Here is an english version of the pattern. This one was translated by Handymanorwoman and since that is a really good thing I will also link to that pattern.<br \/>\n<a href=\"https:\/\/handymanorwoman.com\/index.php\/2018\/09\/08\/sew-a-beanie-hat\/\" rel=\"noopener\" target=\"_blank\">English version. <\/a><\/p>\n<p>&nbsp;<\/p>\n<figure id=\"attachment_1625\" aria-describedby=\"caption-attachment-1625\" style=\"width: 150px\" class=\"wp-caption alignnone\"><a href=\"http:\/\/www.pratamedrut.se\/blog\/wp-content\/uploads\/2010\/08\/Sy-en-mossa.jpg\" target=\"_blank\" rel=\"lightbox[465]\"><img decoding=\"async\" loading=\"lazy\" class=\"wp-image-1625 size-thumbnail\" src=\"http:\/\/www.pratamedrut.se\/blog\/wp-content\/uploads\/2010\/08\/Sy-en-mossa-150x150.jpg\" alt=\"Sy en m\u00f6ssa\" width=\"150\" height=\"150\" \/><\/a><figcaption id=\"caption-attachment-1625\" class=\"wp-caption-text\">Sy en m\u00f6ssa<\/figcaption><\/figure>\n<p>&nbsp;<\/p>\n<p>F\u00f6r er som ger er p\u00e5 att sy en, h\u00f6r g\u00e4rna av er och meddela hur det gick&#8230;<\/p>\n","protected":false},"excerpt":{"rendered":"<p>Jag tog ett stort beslut i veckan, att l\u00e4gga m\u00f6ssproduktionen p\u00e5 is p\u00e5 obest\u00e4md framtid. Det k\u00e4nns otroligt befriande. Dessa m\u00f6ssor har gett mig st\u00e4ndigt d\u00e5ligt samvete. Det har alltid funnits n\u00e5gon att sy, men inte ork eller lust&#8230; De sista best\u00e4llningarna har legat alldeles f\u00f6r l\u00e4nge. De som f\u00e5tt v\u00e4nta \u00e4r Camilla och Frida.<\/p>\n<footer class=\"entry-footer index-entry\">\n<div class=\"post-social pull-left\"><a href=\"https:\/\/www.facebook.com\/sharer\/sharer.php?u=http%3A%2F%2Fwww.pratamedrut.se%2Fblog%2Fden-sista-mossan-ar-sydd%2F\" target=\"_blank\" class=\"social-icons\"><i class=\"fa fa-facebook\" aria-hidden=\"true\"><\/i><\/a><a href=\"https:\/\/twitter.com\/home?status=http%3A%2F%2Fwww.pratamedrut.se%2Fblog%2Fden-sista-mossan-ar-sydd%2F\" target=\"_blank\" class=\"social-icons\"><i class=\"fa fa-twitter\" aria-hidden=\"true\"><\/i><\/a><a href=\"https:\/\/www.linkedin.com\/shareArticle?mini=true&#038;url=http%3A%2F%2Fwww.pratamedrut.se%2Fblog%2Fden-sista-mossan-ar-sydd%2F&#038;title=Den+sista+m%C3%B6ssan+%C3%A4r+sydd%2C+sy+en+egen+m%C3%B6ssa%26%238230%3B\" target=\"_blank\" class=\"social-icons\"><i class=\"fa fa-linkedin\" aria-hidden=\"true\"><\/i><\/a><\/div>\n<p class=\"link-more\"><a href=\"http:\/\/www.pratamedrut.se\/blog\/den-sista-mossan-ar-sydd\/\" class=\"more-link\">Continue reading <span class=\"meta-nav\">\u2192<\/span><\/a><\/p>\n<\/footer>\n","protected":false},"author":2,"featured_media":0,"comment_status":"open","ping_status":"open","sticky":false,"template":"","format":"standard","meta":{"ngg_post_thumbnail":0},"categories":[3,18,8,12],"tags":[],"jetpack_featured_media_url":"","_links":{"self":[{"href":"http:\/\/www.pratamedrut.se\/blog\/wp-json\/wp\/v2\/posts\/465"}],"collection":[{"href":"http:\/\/www.pratamedrut.se\/blog\/wp-json\/wp\/v2\/posts"}],"about":[{"href":"http:\/\/www.pratamedrut.se\/blog\/wp-json\/wp\/v2\/types\/post"}],"author":[{"embeddable":true,"href":"http:\/\/www.pratamedrut.se\/blog\/wp-json\/wp\/v2\/users\/2"}],"replies":[{"embeddable":true,"href":"http:\/\/www.pratamedrut.se\/blog\/wp-json\/wp\/v2\/comments?post=465"}],"version-history":[{"count":33,"href":"http:\/\/www.pratamedrut.se\/blog\/wp-json\/wp\/v2\/posts\/465\/revisions"}],"predecessor-version":[{"id":1931,"href":"http:\/\/www.pratamedrut.se\/blog\/wp-json\/wp\/v2\/posts\/465\/revisions\/1931"}],"wp:attachment":[{"href":"http:\/\/www.pratamedrut.se\/blog\/wp-json\/wp\/v2\/media?parent=465"}],"wp:term":[{"taxonomy":"category","embeddable":true,"href":"http:\/\/www.pratamedrut.se\/blog\/wp-json\/wp\/v2\/categories?post=465"},{"taxonomy":"post_tag","embeddable":true,"href":"http:\/\/www.pratamedrut.se\/blog\/wp-json\/wp\/v2\/tags?post=465"}],"curies":[{"name":"wp","href":"https:\/\/api.w.org\/{rel}","templated":true}]}}