{"id":1654,"date":"2014-11-05T21:53:53","date_gmt":"2014-11-05T20:53:53","guid":{"rendered":"http:\/\/www.pratamedrut.se\/blog\/?p=1654"},"modified":"2014-11-05T22:06:13","modified_gmt":"2014-11-05T21:06:13","slug":"produktutveckling-av-trikamossan","status":"publish","type":"post","link":"http:\/\/www.pratamedrut.se\/blog\/produktutveckling-av-trikamossan\/","title":{"rendered":"Produktutveckling av trik\u00e5m\u00f6ssan"},"content":{"rendered":"<p>Jag har ju sytt en hel del m\u00f6ssor i mina dagar men sedan jag tr\u00f6ttnade p\u00e5 att g\u00f6ra dom p\u00e5 best\u00e4llning har det blivit v\u00e4ldigt m\u00e5nga f\u00e4rre. Men sen fick jag barn, och barn m\u00e5ste ju ha m\u00f6ssor, s\u00e5 nu har det b\u00f6rjat bli roligt igen.<\/p>\n<p>Jag har sytt en del m\u00f6ssor av stuvar, vilket g\u00f6r att jag tvingas att anv\u00e4nda tv\u00e5 olika tyger till samma m\u00f6ssa. Nu n\u00e4r vintern (kanske) kommer k\u00e4nde jag att det var dags att f\u00e5 till en lite varmare m\u00f6ssa, s\u00e5 jag best\u00e4mde mig f\u00f6r att g\u00f6ra en fleecefodrad.<\/p>\n<p>Sen var jag dessutom p\u00e5 Syfestivalen f\u00f6r n\u00e5gra veckor sedan, och d\u00e5 hittade jag stryka-p\u00e5-reflex, perfekt f\u00f6r vinterm\u00f6ssor ju. :)<\/p>\n<p>Grundm\u00f6nstret till m\u00f6ssorna hittar ni i det <a href=\"http:\/\/www.pratamedrut.se\/blog\/den-sista-mossan-ar-sydd\/\" target=\"_blank\">h\u00e4r<\/a> inl\u00e4gget.<\/p>\n<p>S\u00e5 h\u00e4r g\u00f6r jag n\u00e4r jag klipper ut i tv\u00e5 tyger. D\u00e5 klipper jag halva m\u00f6nstret mot vikt kant p\u00e5 b\u00e5da tygerna.<\/p>\n<p><a href=\"http:\/\/www.pratamedrut.se\/blog\/wp-content\/uploads\/2014\/11\/IMG_5199.jpg\" rel=\"lightbox[1654]\"><img decoding=\"async\" loading=\"lazy\" class=\"alignnone wp-image-1647 size-thumbnail\" src=\"http:\/\/www.pratamedrut.se\/blog\/wp-content\/uploads\/2014\/11\/IMG_5199-150x150.jpg\" alt=\"IMG_5199.JPG\" width=\"150\" height=\"150\" \/><\/a><\/p>\n<p>Sedan l\u00e4gger jag b\u00e5da bitarna p\u00e5 varandra, och den enda skillnaden fr\u00e5n n\u00e4r man syr i ett tyg \u00e4r att man m\u00e5ste sy b\u00e5da l\u00e5ngsidorna.<\/p>\n<p><a href=\"http:\/\/www.pratamedrut.se\/blog\/wp-content\/uploads\/2014\/11\/IMG_5201.jpg\" rel=\"lightbox[1654]\"><img decoding=\"async\" loading=\"lazy\" class=\"alignnone wp-image-1646 size-thumbnail\" src=\"http:\/\/www.pratamedrut.se\/blog\/wp-content\/uploads\/2014\/11\/IMG_5201-150x150.jpg\" alt=\"IMG_5201.JPG\" width=\"150\" height=\"150\" \/><\/a><\/p>\n<p>Nu skulle jag ju dock fodra i fleece, s\u00e5 d\u00e5 klippte jag bara ut en fj\u00e4rdedel av m\u00f6nstret vardera i de tv\u00e5 ovanst\u00e5ende tygerna, och sedan klippte jag ut halva m\u00f6nstret (nedre delen) i fleece.<\/p>\n<p><a href=\"http:\/\/www.pratamedrut.se\/blog\/wp-content\/uploads\/2014\/11\/IMG_5198.jpg\" rel=\"lightbox[1654]\"><img decoding=\"async\" loading=\"lazy\" class=\"alignnone wp-image-1648 size-thumbnail\" src=\"http:\/\/www.pratamedrut.se\/blog\/wp-content\/uploads\/2014\/11\/IMG_5198-150x150.jpg\" alt=\"IMG_5198.JPG\" width=\"150\" height=\"150\" \/><\/a><\/p>\n<p>Jag sydde f\u00f6rst ihop de tv\u00e5 trik\u00e5tygerna i ena l\u00e5ngsidan och sedan sydde jag ihop med fleecen l\u00e4ngs nederkanten. Jag anv\u00e4nde raks\u00f6m, det blir b\u00e4st stretch i det tycker jag.<\/p>\n<p>Sen \u00e4r det bara att forts\u00e4tta precis som vanligt.<\/p>\n<p>S\u00e5 h\u00e4r blev de n\u00e4r de blev klara.<\/p>\n<p><a href=\"http:\/\/www.pratamedrut.se\/blog\/wp-content\/uploads\/2014\/11\/IMG_5203.jpg\" rel=\"lightbox[1654]\"><img decoding=\"async\" loading=\"lazy\" class=\"alignnone wp-image-1649 size-thumbnail\" src=\"http:\/\/www.pratamedrut.se\/blog\/wp-content\/uploads\/2014\/11\/IMG_5203-150x150.jpg\" alt=\"IMG_5203.JPG\" width=\"150\" height=\"150\" \/><\/a><\/p>\n<p>Och s\u00e5 h\u00e4r blev de n\u00e4r jag strukit p\u00e5 urklippta bokst\u00e4ver i stryka-p\u00e5-reflex.<\/p>\n<p><a href=\"http:\/\/www.pratamedrut.se\/blog\/wp-content\/uploads\/2014\/11\/IMG_5258.jpg\" rel=\"lightbox[1654]\"><img decoding=\"async\" loading=\"lazy\" class=\"alignnone wp-image-1650 size-thumbnail\" src=\"http:\/\/www.pratamedrut.se\/blog\/wp-content\/uploads\/2014\/11\/IMG_5258-150x150.jpg\" alt=\"IMG_5258.JPG\" width=\"150\" height=\"150\" \/><\/a> <a href=\"http:\/\/www.pratamedrut.se\/blog\/wp-content\/uploads\/2014\/11\/IMG_5257.jpg\" rel=\"lightbox[1654]\"><img decoding=\"async\" loading=\"lazy\" class=\"alignnone wp-image-1651 size-thumbnail\" src=\"http:\/\/www.pratamedrut.se\/blog\/wp-content\/uploads\/2014\/11\/IMG_5257-150x150.jpg\" alt=\"IMG_5257.JPG\" width=\"150\" height=\"150\" \/><\/a><\/p>\n<p>Reflexen k\u00f6pte jag som sagt p\u00e5 Syfestivalen, hos <a href=\"http:\/\/gladagrodan.se\/\" target=\"_blank\">Glada Grodan<\/a>. Dom har som tur \u00e4r \u00e4ven en webbutik. :)<\/p>\n","protected":false},"excerpt":{"rendered":"<p>Jag har ju sytt en hel del m\u00f6ssor i mina dagar men sedan jag tr\u00f6ttnade p\u00e5 att g\u00f6ra dom p\u00e5 best\u00e4llning har det blivit v\u00e4ldigt m\u00e5nga f\u00e4rre. Men sen fick jag barn, och barn m\u00e5ste ju ha m\u00f6ssor, s\u00e5 nu har det b\u00f6rjat bli roligt igen. Jag har sytt en del m\u00f6ssor av stuvar, vilket<\/p>\n<footer class=\"entry-footer index-entry\">\n<div class=\"post-social pull-left\"><a href=\"https:\/\/www.facebook.com\/sharer\/sharer.php?u=http%3A%2F%2Fwww.pratamedrut.se%2Fblog%2Fproduktutveckling-av-trikamossan%2F\" target=\"_blank\" class=\"social-icons\"><i class=\"fa fa-facebook\" aria-hidden=\"true\"><\/i><\/a><a href=\"https:\/\/twitter.com\/home?status=http%3A%2F%2Fwww.pratamedrut.se%2Fblog%2Fproduktutveckling-av-trikamossan%2F\" target=\"_blank\" class=\"social-icons\"><i class=\"fa fa-twitter\" aria-hidden=\"true\"><\/i><\/a><a href=\"https:\/\/www.linkedin.com\/shareArticle?mini=true&#038;url=http%3A%2F%2Fwww.pratamedrut.se%2Fblog%2Fproduktutveckling-av-trikamossan%2F&#038;title=Produktutveckling+av+trik%C3%A5m%C3%B6ssan\" target=\"_blank\" class=\"social-icons\"><i class=\"fa fa-linkedin\" aria-hidden=\"true\"><\/i><\/a><\/div>\n<p class=\"link-more\"><a href=\"http:\/\/www.pratamedrut.se\/blog\/produktutveckling-av-trikamossan\/\" class=\"more-link\">Continue reading <span class=\"meta-nav\">\u2192<\/span><\/a><\/p>\n<\/footer>\n","protected":false},"author":2,"featured_media":0,"comment_status":"open","ping_status":"open","sticky":false,"template":"","format":"standard","meta":{"ngg_post_thumbnail":0},"categories":[3,18,8,12],"tags":[],"jetpack_featured_media_url":"","_links":{"self":[{"href":"http:\/\/www.pratamedrut.se\/blog\/wp-json\/wp\/v2\/posts\/1654"}],"collection":[{"href":"http:\/\/www.pratamedrut.se\/blog\/wp-json\/wp\/v2\/posts"}],"about":[{"href":"http:\/\/www.pratamedrut.se\/blog\/wp-json\/wp\/v2\/types\/post"}],"author":[{"embeddable":true,"href":"http:\/\/www.pratamedrut.se\/blog\/wp-json\/wp\/v2\/users\/2"}],"replies":[{"embeddable":true,"href":"http:\/\/www.pratamedrut.se\/blog\/wp-json\/wp\/v2\/comments?post=1654"}],"version-history":[{"count":6,"href":"http:\/\/www.pratamedrut.se\/blog\/wp-json\/wp\/v2\/posts\/1654\/revisions"}],"predecessor-version":[{"id":1660,"href":"http:\/\/www.pratamedrut.se\/blog\/wp-json\/wp\/v2\/posts\/1654\/revisions\/1660"}],"wp:attachment":[{"href":"http:\/\/www.pratamedrut.se\/blog\/wp-json\/wp\/v2\/media?parent=1654"}],"wp:term":[{"taxonomy":"category","embeddable":true,"href":"http:\/\/www.pratamedrut.se\/blog\/wp-json\/wp\/v2\/categories?post=1654"},{"taxonomy":"post_tag","embeddable":true,"href":"http:\/\/www.pratamedrut.se\/blog\/wp-json\/wp\/v2\/tags?post=1654"}],"curies":[{"name":"wp","href":"https:\/\/api.w.org\/{rel}","templated":true}]}}