{"id":1642,"date":"2014-11-01T19:51:14","date_gmt":"2014-11-01T18:51:14","guid":{"rendered":"http:\/\/www.pratamedrut.se\/blog\/?p=1642"},"modified":"2014-11-06T14:44:51","modified_gmt":"2014-11-06T13:44:51","slug":"virkad-kofta-i-farmorsrutor","status":"publish","type":"post","link":"http:\/\/www.pratamedrut.se\/blog\/virkad-kofta-i-farmorsrutor\/","title":{"rendered":"Virkad kofta i farmorsrutor"},"content":{"rendered":"<p>I v\u00e5ras n\u00e5gon g\u00e5ng r\u00e5kade jag p\u00e5 en virkad kofta p\u00e5 Pinterest (vart annars) som jag blev lite sugen p\u00e5. Den var helt gjord i rutor, men monterade p\u00e5 diagonalen. F\u00f6rst t\u00e4nkte jag att skulle kunna lista ut hur den var uppbyggd, men sen slutade jag vara s\u00e5 sn\u00e5l och k\u00f6pte m\u00f6nstret f\u00f6r 30 kr&#8230;<\/p>\n<p>D\u00e5 hade jag redan b\u00f6rjat virka p\u00e5 rutorna, som blev farmorsrutor (en fylld mormorsruta helt enkelt). Enligt m\u00f6nstret skulle rutorna best\u00e5 av fastmaskor, men d\u00e5 hade jag aldrig blivit klar. D\u00e5 jag inte var s\u00e4ker p\u00e5 om det skulle bli bra eller inte satsade jag p\u00e5 billigt garn, fr\u00e5n Yarn Paradise. Dona Wool heter det, en ull\/akryl blandning, 40%\/60%, 50 g 165 meter. Jag virkade med virkn\u00e5l 3 mm. Jag fick betala ca 50 kr f\u00f6r 8 nystan, plus frakt d\u00e5 f\u00f6rst\u00e5s. Totalt har det g\u00e5tt \u00e5t ca 16 nystan, s\u00e5 jag f\u00e5r hitta p\u00e5 n\u00e5got nytt projekt med de som blev \u00f6ver.<\/p>\n<p>Jag b\u00f6rjade med koftan precis n\u00e4r semestern startade i somras, och hade som m\u00e5l att vara klar med den under september, det gick s\u00e5 d\u00e4r&#8230; Att virka knappt 160 rutor gick p\u00e5 bara 3 veckor, har man semester s\u00e5 har man. Men det h\u00e4r med att montera, usch och fy s\u00e5 tr\u00e5kigt det \u00e4r, och eftersom jag \u00e4r lite petig s\u00e5 m\u00e5ste det ju bli snyggt ocks\u00e5, s\u00e5 jag har sytt ihop varenda ruta, f\u00f6r hand s\u00e5 klart, vilket jobb!! S\u00e5 september var ju bara att gl\u00f6mma, men jag blev klar ig\u00e5r kv\u00e4ll, s\u00e5 jag fixade det \u00e5tminstone innan vi kom in i november. :D<\/p>\n<p>Och jag blev n\u00f6jd, s\u00f6mmarna syns knappt, s\u00e5 jag hoppas verkligen att jag kommer att anv\u00e4nda den.<\/p>\n<p>En annan modifiering jag gjorde var att jag inte tyckte att kanten i \u00f6ppningen samt i \u00e4rmsluten blev s\u00e5 j\u00e4mn, s\u00e5 jag virkade 2 varv fastmaskor n\u00e4r den var monterad och klar, det gjorde det mycket b\u00e4ttre.<\/p>\n<p>M\u00f6nstret hittade jag som sagt via Pinterest, p\u00e5 <a href=\"https:\/\/www.etsy.com\/se-en\/listing\/209416291\/crocheted-harlequin-coat-sweater-jacket?ref=sr_gallery_5&amp;ga_search_query=crochet+harlequin&amp;ga_search_type=all&amp;ga_view_type=gallery\" target=\"_blank\">Etsy<\/a>, det finns fortfarande till f\u00f6rs\u00e4ljning. Dock kan det vara s\u00e5 att den verkar vara slut n\u00e4r du kommer in, f\u00f6r har n\u00e5gon precis k\u00f6pt s\u00e5 m\u00e5ste s\u00e4ljaren l\u00e4gga upp den p\u00e5 nytt. Ge det n\u00e5gon dag s\u00e5 finns den nog igen. :) S\u00f6k annars p\u00e5 crocheted harlequin coat s\u00e5 kan du f\u00e5 andra tr\u00e4ffar p\u00e5 samma m\u00f6nster.<\/p>\n<p>Och s\u00e5 h\u00e4r blev den:<\/p>\n<p><!-- index.php -->\n<div\n\tclass=\"ngg-galleryoverview ngg-ajax-pagination-none\"\n\tid=\"ngg-gallery-1643-1\">\n\n    \t\t<!-- Thumbnails -->\n\t\t\t\t<div id=\"ngg-image-0\" class=\"ngg-gallery-thumbnail-box\" >\n\t\t\t\t        <div class=\"ngg-gallery-thumbnail\">\n            <a href=\"http:\/\/www.pratamedrut.se\/blog\/wp-content\/gallery\/virkad-kofta\/DSC08176.jpg\"\n               title=\"\"\n               data-src=\"http:\/\/www.pratamedrut.se\/blog\/wp-content\/gallery\/virkad-kofta\/DSC08176.jpg\"\n               data-thumbnail=\"http:\/\/www.pratamedrut.se\/blog\/wp-content\/gallery\/virkad-kofta\/thumbs\/thumbs_DSC08176.jpg\"\n               data-image-id=\"1042\"\n               data-title=\"Virkad kofta\"\n               data-description=\"\"\n               data-image-slug=\"virkad-kofta-4\"\n               class=\"ngg-fancybox\" rel=\"1643\">\n                <img\n                    title=\"Virkad kofta\"\n                    alt=\"Virkad kofta\"\n                    src=\"http:\/\/www.pratamedrut.se\/blog\/wp-content\/gallery\/virkad-kofta\/thumbs\/thumbs_DSC08176.jpg\"\n                    width=\"100\"\n                    height=\"75\"\n                    style=\"max-width:100%;\"\n                \/>\n            <\/a>\n        <\/div>\n\t\t\t\t\t\t\t<\/div> \n\t\t\t\n        \n\t\t\t\t<div id=\"ngg-image-1\" class=\"ngg-gallery-thumbnail-box\" >\n\t\t\t\t        <div class=\"ngg-gallery-thumbnail\">\n            <a href=\"http:\/\/www.pratamedrut.se\/blog\/wp-content\/gallery\/virkad-kofta\/DSC08178.jpg\"\n               title=\"\"\n               data-src=\"http:\/\/www.pratamedrut.se\/blog\/wp-content\/gallery\/virkad-kofta\/DSC08178.jpg\"\n               data-thumbnail=\"http:\/\/www.pratamedrut.se\/blog\/wp-content\/gallery\/virkad-kofta\/thumbs\/thumbs_DSC08178.jpg\"\n               data-image-id=\"1043\"\n               data-title=\"Virkad kofta\"\n               data-description=\"\"\n               data-image-slug=\"virkad-kofta-5\"\n               class=\"ngg-fancybox\" rel=\"1643\">\n                <img\n                    title=\"Virkad kofta\"\n                    alt=\"Virkad kofta\"\n                    src=\"http:\/\/www.pratamedrut.se\/blog\/wp-content\/gallery\/virkad-kofta\/thumbs\/thumbs_DSC08178.jpg\"\n                    width=\"100\"\n                    height=\"75\"\n                    style=\"max-width:100%;\"\n                \/>\n            <\/a>\n        <\/div>\n\t\t\t\t\t\t\t<\/div> \n\t\t\t\n        \n\t\t\t\t<div id=\"ngg-image-2\" class=\"ngg-gallery-thumbnail-box\" >\n\t\t\t\t        <div class=\"ngg-gallery-thumbnail\">\n            <a href=\"http:\/\/www.pratamedrut.se\/blog\/wp-content\/gallery\/virkad-kofta\/DSC08172.jpg\"\n               title=\"\"\n               data-src=\"http:\/\/www.pratamedrut.se\/blog\/wp-content\/gallery\/virkad-kofta\/DSC08172.jpg\"\n               data-thumbnail=\"http:\/\/www.pratamedrut.se\/blog\/wp-content\/gallery\/virkad-kofta\/thumbs\/thumbs_DSC08172.jpg\"\n               data-image-id=\"1041\"\n               data-title=\"Virkad kofta\"\n               data-description=\"\"\n               data-image-slug=\"virkad-kofta-6\"\n               class=\"ngg-fancybox\" rel=\"1643\">\n                <img\n                    title=\"Virkad kofta\"\n                    alt=\"Virkad kofta\"\n                    src=\"http:\/\/www.pratamedrut.se\/blog\/wp-content\/gallery\/virkad-kofta\/thumbs\/thumbs_DSC08172.jpg\"\n                    width=\"100\"\n                    height=\"75\"\n                    style=\"max-width:100%;\"\n                \/>\n            <\/a>\n        <\/div>\n\t\t\t\t\t\t\t<\/div> \n\t\t\t\n        \n\t\t\t\t<div id=\"ngg-image-3\" class=\"ngg-gallery-thumbnail-box\" >\n\t\t\t\t        <div class=\"ngg-gallery-thumbnail\">\n            <a href=\"http:\/\/www.pratamedrut.se\/blog\/wp-content\/gallery\/virkad-kofta\/DSC08186.jpg\"\n               title=\"\"\n               data-src=\"http:\/\/www.pratamedrut.se\/blog\/wp-content\/gallery\/virkad-kofta\/DSC08186.jpg\"\n               data-thumbnail=\"http:\/\/www.pratamedrut.se\/blog\/wp-content\/gallery\/virkad-kofta\/thumbs\/thumbs_DSC08186.jpg\"\n               data-image-id=\"1044\"\n               data-title=\"Virkad kofta\"\n               data-description=\"\"\n               data-image-slug=\"virkad-kofta-7\"\n               class=\"ngg-fancybox\" rel=\"1643\">\n                <img\n                    title=\"Virkad kofta\"\n                    alt=\"Virkad kofta\"\n                    src=\"http:\/\/www.pratamedrut.se\/blog\/wp-content\/gallery\/virkad-kofta\/thumbs\/thumbs_DSC08186.jpg\"\n                    width=\"100\"\n                    height=\"75\"\n                    style=\"max-width:100%;\"\n                \/>\n            <\/a>\n        <\/div>\n\t\t\t\t\t\t\t<\/div> \n\t\t\t\n        \n\t\t\t\t<div id=\"ngg-image-4\" class=\"ngg-gallery-thumbnail-box\" >\n\t\t\t\t        <div class=\"ngg-gallery-thumbnail\">\n            <a href=\"http:\/\/www.pratamedrut.se\/blog\/wp-content\/gallery\/virkad-kofta\/DSC08197.jpg\"\n               title=\"\"\n               data-src=\"http:\/\/www.pratamedrut.se\/blog\/wp-content\/gallery\/virkad-kofta\/DSC08197.jpg\"\n               data-thumbnail=\"http:\/\/www.pratamedrut.se\/blog\/wp-content\/gallery\/virkad-kofta\/thumbs\/thumbs_DSC08197.jpg\"\n               data-image-id=\"1045\"\n               data-title=\"Detaljbild\"\n               data-description=\"\"\n               data-image-slug=\"detaljbild-2\"\n               class=\"ngg-fancybox\" rel=\"1643\">\n                <img\n                    title=\"Detaljbild\"\n                    alt=\"Detaljbild\"\n                    src=\"http:\/\/www.pratamedrut.se\/blog\/wp-content\/gallery\/virkad-kofta\/thumbs\/thumbs_DSC08197.jpg\"\n                    width=\"100\"\n                    height=\"75\"\n                    style=\"max-width:100%;\"\n                \/>\n            <\/a>\n        <\/div>\n\t\t\t\t\t\t\t<\/div> \n\t\t\t\n        \n\t\t\t\t<div id=\"ngg-image-5\" class=\"ngg-gallery-thumbnail-box\" >\n\t\t\t\t        <div class=\"ngg-gallery-thumbnail\">\n            <a href=\"http:\/\/www.pratamedrut.se\/blog\/wp-content\/gallery\/virkad-kofta\/DSC08211.jpg\"\n               title=\"\"\n               data-src=\"http:\/\/www.pratamedrut.se\/blog\/wp-content\/gallery\/virkad-kofta\/DSC08211.jpg\"\n               data-thumbnail=\"http:\/\/www.pratamedrut.se\/blog\/wp-content\/gallery\/virkad-kofta\/thumbs\/thumbs_DSC08211.jpg\"\n               data-image-id=\"1046\"\n               data-title=\"Detaljbild\"\n               data-description=\"\"\n               data-image-slug=\"detaljbild-3\"\n               class=\"ngg-fancybox\" rel=\"1643\">\n                <img\n                    title=\"Detaljbild\"\n                    alt=\"Detaljbild\"\n                    src=\"http:\/\/www.pratamedrut.se\/blog\/wp-content\/gallery\/virkad-kofta\/thumbs\/thumbs_DSC08211.jpg\"\n                    width=\"100\"\n                    height=\"75\"\n                    style=\"max-width:100%;\"\n                \/>\n            <\/a>\n        <\/div>\n\t\t\t\t\t\t\t<\/div> \n\t\t\t\n        \n\t\t\n\t\t<div class=\"ngg-clear\"><\/div>\n\t<\/div>\n<\/p>\n","protected":false},"excerpt":{"rendered":"<p>I v\u00e5ras n\u00e5gon g\u00e5ng r\u00e5kade jag p\u00e5 en virkad kofta p\u00e5 Pinterest (vart annars) som jag blev lite sugen p\u00e5. Den var helt gjord i rutor, men monterade p\u00e5 diagonalen. F\u00f6rst t\u00e4nkte jag att skulle kunna lista ut hur den var uppbyggd, men sen slutade jag vara s\u00e5 sn\u00e5l och k\u00f6pte m\u00f6nstret f\u00f6r 30 kr&#8230;<\/p>\n<footer class=\"entry-footer index-entry\">\n<div class=\"post-social pull-left\"><a href=\"https:\/\/www.facebook.com\/sharer\/sharer.php?u=http%3A%2F%2Fwww.pratamedrut.se%2Fblog%2Fvirkad-kofta-i-farmorsrutor%2F\" target=\"_blank\" class=\"social-icons\"><i class=\"fa fa-facebook\" aria-hidden=\"true\"><\/i><\/a><a href=\"https:\/\/twitter.com\/home?status=http%3A%2F%2Fwww.pratamedrut.se%2Fblog%2Fvirkad-kofta-i-farmorsrutor%2F\" target=\"_blank\" class=\"social-icons\"><i class=\"fa fa-twitter\" aria-hidden=\"true\"><\/i><\/a><a href=\"https:\/\/www.linkedin.com\/shareArticle?mini=true&#038;url=http%3A%2F%2Fwww.pratamedrut.se%2Fblog%2Fvirkad-kofta-i-farmorsrutor%2F&#038;title=Virkad+kofta+i+farmorsrutor\" target=\"_blank\" class=\"social-icons\"><i class=\"fa fa-linkedin\" aria-hidden=\"true\"><\/i><\/a><\/div>\n<p class=\"link-more\"><a href=\"http:\/\/www.pratamedrut.se\/blog\/virkad-kofta-i-farmorsrutor\/\" class=\"more-link\">Continue reading <span class=\"meta-nav\">\u2192<\/span><\/a><\/p>\n<\/footer>\n","protected":false},"author":2,"featured_media":0,"comment_status":"open","ping_status":"open","sticky":false,"template":"","format":"standard","meta":{"ngg_post_thumbnail":0},"categories":[3,21,8,9],"tags":[],"jetpack_featured_media_url":"","_links":{"self":[{"href":"http:\/\/www.pratamedrut.se\/blog\/wp-json\/wp\/v2\/posts\/1642"}],"collection":[{"href":"http:\/\/www.pratamedrut.se\/blog\/wp-json\/wp\/v2\/posts"}],"about":[{"href":"http:\/\/www.pratamedrut.se\/blog\/wp-json\/wp\/v2\/types\/post"}],"author":[{"embeddable":true,"href":"http:\/\/www.pratamedrut.se\/blog\/wp-json\/wp\/v2\/users\/2"}],"replies":[{"embeddable":true,"href":"http:\/\/www.pratamedrut.se\/blog\/wp-json\/wp\/v2\/comments?post=1642"}],"version-history":[{"count":4,"href":"http:\/\/www.pratamedrut.se\/blog\/wp-json\/wp\/v2\/posts\/1642\/revisions"}],"predecessor-version":[{"id":1663,"href":"http:\/\/www.pratamedrut.se\/blog\/wp-json\/wp\/v2\/posts\/1642\/revisions\/1663"}],"wp:attachment":[{"href":"http:\/\/www.pratamedrut.se\/blog\/wp-json\/wp\/v2\/media?parent=1642"}],"wp:term":[{"taxonomy":"category","embeddable":true,"href":"http:\/\/www.pratamedrut.se\/blog\/wp-json\/wp\/v2\/categories?post=1642"},{"taxonomy":"post_tag","embeddable":true,"href":"http:\/\/www.pratamedrut.se\/blog\/wp-json\/wp\/v2\/tags?post=1642"}],"curies":[{"name":"wp","href":"https:\/\/api.w.org\/{rel}","templated":true}]}}