{"id":1580,"date":"2014-07-07T21:46:56","date_gmt":"2014-07-07T19:46:56","guid":{"rendered":"http:\/\/www.pratamedrut.se\/blog\/?p=1580"},"modified":"2014-08-09T09:28:17","modified_gmt":"2014-08-09T07:28:17","slug":"virkad-skal","status":"publish","type":"post","link":"http:\/\/www.pratamedrut.se\/blog\/virkad-skal\/","title":{"rendered":"Virkad sk\u00e5l i fl\u00e4tm\u00f6nster"},"content":{"rendered":"<p>Ville testa en ny virkteknik jag s\u00e5g p\u00e5 bild. T\u00e4nkte att det kunde vara ett perfekt restgarnsprojekt. Jag har en del Drops Paris hemma efter en period d\u00e5 jag n\u00e4stan enbart virkade dubbelvirkade grytlappar.<\/p>\n<p>Jag tog fram de garner jag tyckte passade b\u00e4st ihop och satte ig\u00e5ng. Det var mycket l\u00e4ttare \u00e4n jag f\u00f6rst trodde faktiskt, fort gick det!<\/p>\n<figure id=\"attachment_1581\" aria-describedby=\"caption-attachment-1581\" style=\"width: 300px\" class=\"wp-caption alignnone\"><a href=\"http:\/\/www.pratamedrut.se\/blog\/wp-content\/uploads\/2014\/07\/virkad_skal.jpg\" rel=\"lightbox[1580]\"><img decoding=\"async\" loading=\"lazy\" class=\"size-medium wp-image-1581 \" src=\"http:\/\/www.pratamedrut.se\/blog\/wp-content\/uploads\/2014\/07\/virkad_skal-300x203.jpg\" alt=\"Virkad sk\u00e5l i fl\u00e4tm\u00f6nster\" width=\"300\" height=\"203\" srcset=\"http:\/\/www.pratamedrut.se\/blog\/wp-content\/uploads\/2014\/07\/virkad_skal-300x203.jpg 300w, http:\/\/www.pratamedrut.se\/blog\/wp-content\/uploads\/2014\/07\/virkad_skal-1024x694.jpg 1024w, http:\/\/www.pratamedrut.se\/blog\/wp-content\/uploads\/2014\/07\/virkad_skal.jpg 1280w\" sizes=\"(max-width: 300px) 100vw, 300px\" \/><\/a><figcaption id=\"caption-attachment-1581\" class=\"wp-caption-text\">Virkad sk\u00e5l i fl\u00e4tm\u00f6nster<\/figcaption><\/figure>\n<p>F\u00f6r dig som vill testa att g\u00f6ra en egen finns ett f\u00f6rs\u00f6k till m\u00f6nster att ladda ner h\u00e4r.<\/p>\n<p><em>Uppdaterat 2014-08-09:<\/em><br \/>\n<em>Uppt\u00e4ckte n\u00e4r jag gjorde sk\u00e5l nr 2 att jag t\u00e4nkt lite fel i m\u00f6nstret, p\u00e5 hur m\u00e5nga maskor man b\u00f6r ha n\u00e4r man ska b\u00f6rja p\u00e5 sidorna, s\u00e5 har uppdaterat m\u00f6nstret med r\u00e4tt information.<\/em><\/p>\n<p><a href=\"http:\/\/www.pratamedrut.se\/blog\/wp-content\/uploads\/2014\/07\/Virkad_skal_pdf.pdf\" target=\"_blank\">M\u00f6nster i PDF<\/a><\/p>\n<p>&nbsp;<\/p>\n<p>&nbsp;<\/p>\n","protected":false},"excerpt":{"rendered":"<p>Ville testa en ny virkteknik jag s\u00e5g p\u00e5 bild. T\u00e4nkte att det kunde vara ett perfekt restgarnsprojekt. Jag har en del Drops Paris hemma efter en period d\u00e5 jag n\u00e4stan enbart virkade dubbelvirkade grytlappar. Jag tog fram de garner jag tyckte passade b\u00e4st ihop och satte ig\u00e5ng. Det var mycket l\u00e4ttare \u00e4n jag f\u00f6rst trodde<\/p>\n<footer class=\"entry-footer index-entry\">\n<div class=\"post-social pull-left\"><a href=\"https:\/\/www.facebook.com\/sharer\/sharer.php?u=http%3A%2F%2Fwww.pratamedrut.se%2Fblog%2Fvirkad-skal%2F\" target=\"_blank\" class=\"social-icons\"><i class=\"fa fa-facebook\" aria-hidden=\"true\"><\/i><\/a><a href=\"https:\/\/twitter.com\/home?status=http%3A%2F%2Fwww.pratamedrut.se%2Fblog%2Fvirkad-skal%2F\" target=\"_blank\" class=\"social-icons\"><i class=\"fa fa-twitter\" aria-hidden=\"true\"><\/i><\/a><a href=\"https:\/\/www.linkedin.com\/shareArticle?mini=true&#038;url=http%3A%2F%2Fwww.pratamedrut.se%2Fblog%2Fvirkad-skal%2F&#038;title=Virkad+sk%C3%A5l+i+fl%C3%A4tm%C3%B6nster\" target=\"_blank\" class=\"social-icons\"><i class=\"fa fa-linkedin\" aria-hidden=\"true\"><\/i><\/a><\/div>\n<p class=\"link-more\"><a href=\"http:\/\/www.pratamedrut.se\/blog\/virkad-skal\/\" class=\"more-link\">Continue reading <span class=\"meta-nav\">\u2192<\/span><\/a><\/p>\n<\/footer>\n","protected":false},"author":2,"featured_media":0,"comment_status":"open","ping_status":"open","sticky":false,"template":"","format":"standard","meta":{"ngg_post_thumbnail":0},"categories":[3,11,8,9],"tags":[],"jetpack_featured_media_url":"","_links":{"self":[{"href":"http:\/\/www.pratamedrut.se\/blog\/wp-json\/wp\/v2\/posts\/1580"}],"collection":[{"href":"http:\/\/www.pratamedrut.se\/blog\/wp-json\/wp\/v2\/posts"}],"about":[{"href":"http:\/\/www.pratamedrut.se\/blog\/wp-json\/wp\/v2\/types\/post"}],"author":[{"embeddable":true,"href":"http:\/\/www.pratamedrut.se\/blog\/wp-json\/wp\/v2\/users\/2"}],"replies":[{"embeddable":true,"href":"http:\/\/www.pratamedrut.se\/blog\/wp-json\/wp\/v2\/comments?post=1580"}],"version-history":[{"count":13,"href":"http:\/\/www.pratamedrut.se\/blog\/wp-json\/wp\/v2\/posts\/1580\/revisions"}],"predecessor-version":[{"id":1605,"href":"http:\/\/www.pratamedrut.se\/blog\/wp-json\/wp\/v2\/posts\/1580\/revisions\/1605"}],"wp:attachment":[{"href":"http:\/\/www.pratamedrut.se\/blog\/wp-json\/wp\/v2\/media?parent=1580"}],"wp:term":[{"taxonomy":"category","embeddable":true,"href":"http:\/\/www.pratamedrut.se\/blog\/wp-json\/wp\/v2\/categories?post=1580"},{"taxonomy":"post_tag","embeddable":true,"href":"http:\/\/www.pratamedrut.se\/blog\/wp-json\/wp\/v2\/tags?post=1580"}],"curies":[{"name":"wp","href":"https:\/\/api.w.org\/{rel}","templated":true}]}}