{"id":1575,"date":"2014-03-05T20:27:26","date_gmt":"2014-03-05T19:27:26","guid":{"rendered":"http:\/\/www.pratamedrut.se\/blog\/?p=1575"},"modified":"2014-05-18T20:34:10","modified_gmt":"2014-05-18T18:34:10","slug":"virkad-kofta-2","status":"publish","type":"post","link":"http:\/\/www.pratamedrut.se\/blog\/virkad-kofta-2\/","title":{"rendered":"Virkad kofta"},"content":{"rendered":"<p>K\u00f6pte en hel del garn fr\u00e5n Yarn Paradise, utan att egentligen veta vad jag skulle g\u00f6ra med det. Bland annat k\u00f6pte jag det h\u00e4r <a href=\"http:\/\/www.yarn-paradise.com\/magic-pure-wool-yellow-maroon-green-blue\" target=\"_blank\">garnet<\/a>.<\/p>\n<p>N\u00e4r det f\u00e5tt ligga till sig ett tag best\u00e4mde jag mig f\u00f6r att g\u00f6ra en kofta efter principen uppifr\u00e5n-och-ner. Jag hittade (som vanligt via pinterest) den h\u00e4r bloggen med <a href=\"http:\/\/thegreendragonfly.wordpress.com\/2013\/07\/18\/top-down-crochet-cardigan\/\" target=\"_blank\">m\u00f6nster<\/a>.<\/p>\n<p>Jag ville ha lite l\u00e4ngre \u00e4rmar, men garnet r\u00e4ckte inte till mer \u00e4n trekvart. Sen lagom tills att jag gjort v\u00e4ldigt m\u00e5nga varv, uppt\u00e4ckte jag ocks\u00e5 att den skulle bli alldeles f\u00f6r tajt \u00f6ver bysten. Lat som jag \u00e4r var det inte tal om att repa upp och b\u00f6rja om, utan komma p\u00e5 en ny l\u00f6sning. Den nya l\u00f6sningen bestod av att g\u00e5 till lokala garnaff\u00e4ren och hitta ett garn som liknade det fr\u00e5n YP i tjocklek, och sedan virka p\u00e5 ett par centimeter p\u00e5 varje sida, plus en kant runt om hela f\u00f6r att f\u00e5 en helhet.<\/p>\n<p>S\u00e5 h\u00e4r blev resultatet:<br \/>\n<a href=\"http:\/\/www.pratamedrut.se\/blog\/wp-content\/uploads\/2014\/05\/virkadkofta.jpg\" rel=\"lightbox[1575]\"><img decoding=\"async\" loading=\"lazy\" class=\"alignnone size-medium wp-image-1576\" alt=\"virkad kofta\" src=\"http:\/\/www.pratamedrut.se\/blog\/wp-content\/uploads\/2014\/05\/virkadkofta-214x300.jpg\" width=\"214\" height=\"300\" srcset=\"http:\/\/www.pratamedrut.se\/blog\/wp-content\/uploads\/2014\/05\/virkadkofta-214x300.jpg 214w, http:\/\/www.pratamedrut.se\/blog\/wp-content\/uploads\/2014\/05\/virkadkofta.jpg 514w\" sizes=\"(max-width: 214px) 100vw, 214px\" \/><\/a><\/p>\n","protected":false},"excerpt":{"rendered":"<p>K\u00f6pte en hel del garn fr\u00e5n Yarn Paradise, utan att egentligen veta vad jag skulle g\u00f6ra med det. Bland annat k\u00f6pte jag det h\u00e4r garnet. N\u00e4r det f\u00e5tt ligga till sig ett tag best\u00e4mde jag mig f\u00f6r att g\u00f6ra en kofta efter principen uppifr\u00e5n-och-ner. Jag hittade (som vanligt via pinterest) den h\u00e4r bloggen med m\u00f6nster.<\/p>\n<footer class=\"entry-footer index-entry\">\n<div class=\"post-social pull-left\"><a href=\"https:\/\/www.facebook.com\/sharer\/sharer.php?u=http%3A%2F%2Fwww.pratamedrut.se%2Fblog%2Fvirkad-kofta-2%2F\" target=\"_blank\" class=\"social-icons\"><i class=\"fa fa-facebook\" aria-hidden=\"true\"><\/i><\/a><a href=\"https:\/\/twitter.com\/home?status=http%3A%2F%2Fwww.pratamedrut.se%2Fblog%2Fvirkad-kofta-2%2F\" target=\"_blank\" class=\"social-icons\"><i class=\"fa fa-twitter\" aria-hidden=\"true\"><\/i><\/a><a href=\"https:\/\/www.linkedin.com\/shareArticle?mini=true&#038;url=http%3A%2F%2Fwww.pratamedrut.se%2Fblog%2Fvirkad-kofta-2%2F&#038;title=Virkad+kofta\" target=\"_blank\" class=\"social-icons\"><i class=\"fa fa-linkedin\" aria-hidden=\"true\"><\/i><\/a><\/div>\n<p class=\"link-more\"><a href=\"http:\/\/www.pratamedrut.se\/blog\/virkad-kofta-2\/\" class=\"more-link\">Continue reading <span class=\"meta-nav\">\u2192<\/span><\/a><\/p>\n<\/footer>\n","protected":false},"author":2,"featured_media":0,"comment_status":"open","ping_status":"open","sticky":false,"template":"","format":"standard","meta":{"ngg_post_thumbnail":0},"categories":[3,21,8,9],"tags":[],"jetpack_featured_media_url":"","_links":{"self":[{"href":"http:\/\/www.pratamedrut.se\/blog\/wp-json\/wp\/v2\/posts\/1575"}],"collection":[{"href":"http:\/\/www.pratamedrut.se\/blog\/wp-json\/wp\/v2\/posts"}],"about":[{"href":"http:\/\/www.pratamedrut.se\/blog\/wp-json\/wp\/v2\/types\/post"}],"author":[{"embeddable":true,"href":"http:\/\/www.pratamedrut.se\/blog\/wp-json\/wp\/v2\/users\/2"}],"replies":[{"embeddable":true,"href":"http:\/\/www.pratamedrut.se\/blog\/wp-json\/wp\/v2\/comments?post=1575"}],"version-history":[{"count":2,"href":"http:\/\/www.pratamedrut.se\/blog\/wp-json\/wp\/v2\/posts\/1575\/revisions"}],"predecessor-version":[{"id":1578,"href":"http:\/\/www.pratamedrut.se\/blog\/wp-json\/wp\/v2\/posts\/1575\/revisions\/1578"}],"wp:attachment":[{"href":"http:\/\/www.pratamedrut.se\/blog\/wp-json\/wp\/v2\/media?parent=1575"}],"wp:term":[{"taxonomy":"category","embeddable":true,"href":"http:\/\/www.pratamedrut.se\/blog\/wp-json\/wp\/v2\/categories?post=1575"},{"taxonomy":"post_tag","embeddable":true,"href":"http:\/\/www.pratamedrut.se\/blog\/wp-json\/wp\/v2\/tags?post=1575"}],"curies":[{"name":"wp","href":"https:\/\/api.w.org\/{rel}","templated":true}]}}