{"id":1571,"date":"2014-02-18T18:18:50","date_gmt":"2014-02-18T17:18:50","guid":{"rendered":"http:\/\/www.pratamedrut.se\/blog\/?p=1571"},"modified":"2014-05-18T21:20:18","modified_gmt":"2014-05-18T19:20:18","slug":"virkad-cape-eller-vad-det-nu-heter-pa-svenska","status":"publish","type":"post","link":"http:\/\/www.pratamedrut.se\/blog\/virkad-cape-eller-vad-det-nu-heter-pa-svenska\/","title":{"rendered":"Virkad cape (eller vad det nu heter p\u00e5 svenska)"},"content":{"rendered":"<p>Fryser alltid p\u00e5 jobbet, oavsett \u00e5rstid. Sitter st\u00e4ndigt med en ful filt \u00f6ver axlarna f\u00f6r att f\u00f6rs\u00f6ka h\u00e5lla v\u00e4rmen. Vid ett av mina otaliga bes\u00f6k p\u00e5 pinterest hittade jag den <a href=\" http:\/\/besenseless.blogspot.com\/2013\/02\/mantella-crochet-cape-free-pattern.html\" target=\"_blank\">h\u00e4r capen<\/a>.<\/p>\n<p>Snygg och varm, perfekt till jobbet, s\u00e5 det var bara att s\u00e4tta ig\u00e5ng. S\u00e5 h\u00e4r blev mitt resultat.<\/p>\n<p><a href=\"http:\/\/www.pratamedrut.se\/blog\/wp-content\/uploads\/2014\/05\/virkadcape.jpg\" rel=\"lightbox[1571]\"><img decoding=\"async\" loading=\"lazy\" class=\"alignnone size-medium wp-image-1572\" alt=\"virkad cape\" src=\"http:\/\/www.pratamedrut.se\/blog\/wp-content\/uploads\/2014\/05\/virkadcape-225x300.jpg\" width=\"225\" height=\"300\" srcset=\"http:\/\/www.pratamedrut.se\/blog\/wp-content\/uploads\/2014\/05\/virkadcape-225x300.jpg 225w, http:\/\/www.pratamedrut.se\/blog\/wp-content\/uploads\/2014\/05\/virkadcape-768x1024.jpg 768w, http:\/\/www.pratamedrut.se\/blog\/wp-content\/uploads\/2014\/05\/virkadcape.jpg 960w\" sizes=\"(max-width: 225px) 100vw, 225px\" \/><\/a><\/p>\n<p>Jag anv\u00e4nde ett garn fr\u00e5n Yarn Paradise, <a href=\"http:\/\/yarn-paradise.com\/peru-alpaca-bulky-dark-brown-fnt2-31655\" target=\"_blank\">Peru Alpaca<\/a>, i m\u00f6rkbrunt, virkn\u00e5l 5 (ville ha den ganska h\u00e5rt virkad).<\/p>\n<p>Knappen hittade jag p\u00e5 Mattsons band i Stockholm, en ganska stor tr\u00e4knapp, blev riktigt bra.<\/p>\n","protected":false},"excerpt":{"rendered":"<p>Fryser alltid p\u00e5 jobbet, oavsett \u00e5rstid. Sitter st\u00e4ndigt med en ful filt \u00f6ver axlarna f\u00f6r att f\u00f6rs\u00f6ka h\u00e5lla v\u00e4rmen. Vid ett av mina otaliga bes\u00f6k p\u00e5 pinterest hittade jag den h\u00e4r capen. Snygg och varm, perfekt till jobbet, s\u00e5 det var bara att s\u00e4tta ig\u00e5ng. S\u00e5 h\u00e4r blev mitt resultat. Jag anv\u00e4nde ett garn fr\u00e5n<\/p>\n<footer class=\"entry-footer index-entry\">\n<div class=\"post-social pull-left\"><a href=\"https:\/\/www.facebook.com\/sharer\/sharer.php?u=http%3A%2F%2Fwww.pratamedrut.se%2Fblog%2Fvirkad-cape-eller-vad-det-nu-heter-pa-svenska%2F\" target=\"_blank\" class=\"social-icons\"><i class=\"fa fa-facebook\" aria-hidden=\"true\"><\/i><\/a><a href=\"https:\/\/twitter.com\/home?status=http%3A%2F%2Fwww.pratamedrut.se%2Fblog%2Fvirkad-cape-eller-vad-det-nu-heter-pa-svenska%2F\" target=\"_blank\" class=\"social-icons\"><i class=\"fa fa-twitter\" aria-hidden=\"true\"><\/i><\/a><a href=\"https:\/\/www.linkedin.com\/shareArticle?mini=true&#038;url=http%3A%2F%2Fwww.pratamedrut.se%2Fblog%2Fvirkad-cape-eller-vad-det-nu-heter-pa-svenska%2F&#038;title=Virkad+cape+%28eller+vad+det+nu+heter+p%C3%A5+svenska%29\" target=\"_blank\" class=\"social-icons\"><i class=\"fa fa-linkedin\" aria-hidden=\"true\"><\/i><\/a><\/div>\n<p class=\"link-more\"><a href=\"http:\/\/www.pratamedrut.se\/blog\/virkad-cape-eller-vad-det-nu-heter-pa-svenska\/\" class=\"more-link\">Continue reading <span class=\"meta-nav\">\u2192<\/span><\/a><\/p>\n<\/footer>\n","protected":false},"author":2,"featured_media":0,"comment_status":"open","ping_status":"open","sticky":false,"template":"","format":"standard","meta":{"ngg_post_thumbnail":0},"categories":[3,21,8,10,9],"tags":[],"jetpack_featured_media_url":"","_links":{"self":[{"href":"http:\/\/www.pratamedrut.se\/blog\/wp-json\/wp\/v2\/posts\/1571"}],"collection":[{"href":"http:\/\/www.pratamedrut.se\/blog\/wp-json\/wp\/v2\/posts"}],"about":[{"href":"http:\/\/www.pratamedrut.se\/blog\/wp-json\/wp\/v2\/types\/post"}],"author":[{"embeddable":true,"href":"http:\/\/www.pratamedrut.se\/blog\/wp-json\/wp\/v2\/users\/2"}],"replies":[{"embeddable":true,"href":"http:\/\/www.pratamedrut.se\/blog\/wp-json\/wp\/v2\/comments?post=1571"}],"version-history":[{"count":2,"href":"http:\/\/www.pratamedrut.se\/blog\/wp-json\/wp\/v2\/posts\/1571\/revisions"}],"predecessor-version":[{"id":1579,"href":"http:\/\/www.pratamedrut.se\/blog\/wp-json\/wp\/v2\/posts\/1571\/revisions\/1579"}],"wp:attachment":[{"href":"http:\/\/www.pratamedrut.se\/blog\/wp-json\/wp\/v2\/media?parent=1571"}],"wp:term":[{"taxonomy":"category","embeddable":true,"href":"http:\/\/www.pratamedrut.se\/blog\/wp-json\/wp\/v2\/categories?post=1571"},{"taxonomy":"post_tag","embeddable":true,"href":"http:\/\/www.pratamedrut.se\/blog\/wp-json\/wp\/v2\/tags?post=1571"}],"curies":[{"name":"wp","href":"https:\/\/api.w.org\/{rel}","templated":true}]}}