{"id":1559,"date":"2014-01-18T19:51:11","date_gmt":"2014-01-18T18:51:11","guid":{"rendered":"http:\/\/www.pratamedrut.se\/blog\/?p=1559"},"modified":"2014-05-18T19:56:36","modified_gmt":"2014-05-18T17:56:36","slug":"virkad-babykofta","status":"publish","type":"post","link":"http:\/\/www.pratamedrut.se\/blog\/virkad-babykofta\/","title":{"rendered":"Virkad babykofta"},"content":{"rendered":"<p>Fick lite garn \u00f6ver efter en halsduk, och t\u00e4nkte att jag ville f\u00f6rs\u00f6ka mig p\u00e5 att virka en babykofta.<\/p>\n<p>Jag har sett en massa olika koftor, men ingen som jag gillat helt, som dessutom haft en m\u00f6nster att f\u00e5 ta del av, s\u00e5 jag k\u00f6rde p\u00e5 frihand med blandning fr\u00e5n n\u00e5gra jag inte gillade allt p\u00e5.<\/p>\n<p>Garnet r\u00e4ckte bara till korta \u00e4rmar, men jag t\u00e4nkte att det kanske kan vara bra fram\u00e5t v\u00e5rkanten, kanske med en l\u00e5ng\u00e4rmad t-shirt under.<\/p>\n<p>S\u00e5 h\u00e4r blev den:<br \/>\n<a href=\"http:\/\/www.pratamedrut.se\/blog\/wp-content\/uploads\/2014\/05\/virkadbabykofta.jpg\" rel=\"lightbox[1559]\"><img decoding=\"async\" loading=\"lazy\" class=\"alignnone size-medium wp-image-1560\" alt=\"virkad baby kofta\" src=\"http:\/\/www.pratamedrut.se\/blog\/wp-content\/uploads\/2014\/05\/virkadbabykofta-291x300.jpg\" width=\"291\" height=\"300\" srcset=\"http:\/\/www.pratamedrut.se\/blog\/wp-content\/uploads\/2014\/05\/virkadbabykofta-291x300.jpg 291w, http:\/\/www.pratamedrut.se\/blog\/wp-content\/uploads\/2014\/05\/virkadbabykofta-993x1024.jpg 993w, http:\/\/www.pratamedrut.se\/blog\/wp-content\/uploads\/2014\/05\/virkadbabykofta.jpg 1242w\" sizes=\"(max-width: 291px) 100vw, 291px\" \/><\/a><\/p>\n<p>Jag har som sagt inget m\u00f6nster, men jag anv\u00e4nde en kl\u00e4nning hos Svarta F\u00e5ret som grund, f\u00f6r att ens ha en aning om hur jag skulle b\u00f6rja. Det m\u00f6nstret hittar du <a href=\"http:\/\/svartafaretab.blogspot.se\/2013\/09\/virkad-babyklanning.html\" target=\"_blank\">h\u00e4r<\/a>.<\/p>\n","protected":false},"excerpt":{"rendered":"<p>Fick lite garn \u00f6ver efter en halsduk, och t\u00e4nkte att jag ville f\u00f6rs\u00f6ka mig p\u00e5 att virka en babykofta. Jag har sett en massa olika koftor, men ingen som jag gillat helt, som dessutom haft en m\u00f6nster att f\u00e5 ta del av, s\u00e5 jag k\u00f6rde p\u00e5 frihand med blandning fr\u00e5n n\u00e5gra jag inte gillade allt<\/p>\n<footer class=\"entry-footer index-entry\">\n<div class=\"post-social pull-left\"><a href=\"https:\/\/www.facebook.com\/sharer\/sharer.php?u=http%3A%2F%2Fwww.pratamedrut.se%2Fblog%2Fvirkad-babykofta%2F\" target=\"_blank\" class=\"social-icons\"><i class=\"fa fa-facebook\" aria-hidden=\"true\"><\/i><\/a><a href=\"https:\/\/twitter.com\/home?status=http%3A%2F%2Fwww.pratamedrut.se%2Fblog%2Fvirkad-babykofta%2F\" target=\"_blank\" class=\"social-icons\"><i class=\"fa fa-twitter\" aria-hidden=\"true\"><\/i><\/a><a href=\"https:\/\/www.linkedin.com\/shareArticle?mini=true&#038;url=http%3A%2F%2Fwww.pratamedrut.se%2Fblog%2Fvirkad-babykofta%2F&#038;title=Virkad+babykofta\" target=\"_blank\" class=\"social-icons\"><i class=\"fa fa-linkedin\" aria-hidden=\"true\"><\/i><\/a><\/div>\n<p class=\"link-more\"><a href=\"http:\/\/www.pratamedrut.se\/blog\/virkad-babykofta\/\" class=\"more-link\">Continue reading <span class=\"meta-nav\">\u2192<\/span><\/a><\/p>\n<\/footer>\n","protected":false},"author":2,"featured_media":0,"comment_status":"open","ping_status":"open","sticky":false,"template":"","format":"standard","meta":{"ngg_post_thumbnail":0},"categories":[3,19,21,8,9],"tags":[],"jetpack_featured_media_url":"","_links":{"self":[{"href":"http:\/\/www.pratamedrut.se\/blog\/wp-json\/wp\/v2\/posts\/1559"}],"collection":[{"href":"http:\/\/www.pratamedrut.se\/blog\/wp-json\/wp\/v2\/posts"}],"about":[{"href":"http:\/\/www.pratamedrut.se\/blog\/wp-json\/wp\/v2\/types\/post"}],"author":[{"embeddable":true,"href":"http:\/\/www.pratamedrut.se\/blog\/wp-json\/wp\/v2\/users\/2"}],"replies":[{"embeddable":true,"href":"http:\/\/www.pratamedrut.se\/blog\/wp-json\/wp\/v2\/comments?post=1559"}],"version-history":[{"count":2,"href":"http:\/\/www.pratamedrut.se\/blog\/wp-json\/wp\/v2\/posts\/1559\/revisions"}],"predecessor-version":[{"id":1562,"href":"http:\/\/www.pratamedrut.se\/blog\/wp-json\/wp\/v2\/posts\/1559\/revisions\/1562"}],"wp:attachment":[{"href":"http:\/\/www.pratamedrut.se\/blog\/wp-json\/wp\/v2\/media?parent=1559"}],"wp:term":[{"taxonomy":"category","embeddable":true,"href":"http:\/\/www.pratamedrut.se\/blog\/wp-json\/wp\/v2\/categories?post=1559"},{"taxonomy":"post_tag","embeddable":true,"href":"http:\/\/www.pratamedrut.se\/blog\/wp-json\/wp\/v2\/tags?post=1559"}],"curies":[{"name":"wp","href":"https:\/\/api.w.org\/{rel}","templated":true}]}}