{"id":1389,"date":"2013-05-28T21:31:14","date_gmt":"2013-05-28T19:31:14","guid":{"rendered":"http:\/\/www.pratamedrut.se\/blog\/?p=1389"},"modified":"2013-05-28T22:02:07","modified_gmt":"2013-05-28T20:02:07","slug":"ytterligare-en-sittdyna","status":"publish","type":"post","link":"http:\/\/www.pratamedrut.se\/blog\/ytterligare-en-sittdyna\/","title":{"rendered":"Ytterligare en sittdyna"},"content":{"rendered":"<p>Nu har Sixten f\u00e5tt \u00e4nnu en sittdyna, till sin ordinarie vagn, det var ju inte s\u00e5 komplicerat \u00e4nd\u00e5 att g\u00f6ra dom, och med erfarenheten fr\u00e5n den f\u00f6rra (som man kan l\u00e4sa om <a title=\"Sy en egen sittdyna till barnvagnen\" href=\"http:\/\/www.pratamedrut.se\/blog\/att-sy-en-egen-sittdyna-till-barnvagnen\/\" target=\"_blank\">h\u00e4r<\/a>) s\u00e5 gick den h\u00e4r of\u00f6rsk\u00e4mt l\u00e4tt att g\u00f6ra, \u00e4ven om m\u00f6nsterskapandet tog lite mer tid, det var inte riktigt lika enkelt att &#8221;rita av&#8221; den h\u00e4r vagnen. Den h\u00e4r fick heller inga &#8221;vingar&#8221;, n\u00e4r suffletten \u00e4r helt nedf\u00e4lld finns det inget kvar runt om, s\u00e5 vingarna hade bara sett konstiga ut d\u00e5.<\/p>\n<p>N\u00e4r jag gjorde den f\u00f6rra lovade jag mig sj\u00e4lv att inte anv\u00e4nda trik\u00e5 n\u00e5got mer, men var nyfiken p\u00e5 att g\u00f6ra med mjuk vaxduk p\u00e5 baksidan, s\u00e5 det gjorde jag nu. Men det kommer jag nog inte heller att g\u00f6ra om, det matade r\u00e4tt d\u00e5ligt i symaskinen med vaxduken n\u00e4r det var s\u00e5 tjockt (med vadden i mellan), den fastnade liksom p\u00e5 sybordet, s\u00e5 jag fick hj\u00e4lpa till r\u00e4tt mycket.<\/p>\n<p>\u00c5terigen ett tyg fr\u00e5n IKEA p\u00e5 framsidan. Vaxduken hittade jag p\u00e5 \u00c5hl\u00e9ns. Sp\u00e4nnena p\u00e5 mitten sitter precis ute i kanten p\u00e5 vagnen, och eftersom jag inte gjorde n\u00e5gra vingar beh\u00f6vde jag inte heller g\u00f6ra h\u00e5l f\u00f6r dom i dynan, vilket var bekv\u00e4mt. Ist\u00e4llet fick jag g\u00f6ra ett h\u00e5l f\u00f6r bandet som g\u00e5r upp runt bygeln, n\u00e5got s\u00e5dant finns inte p\u00e5 den andra vagnen.<\/p>\n<p><a href=\"http:\/\/www.pratamedrut.se\/blog\/wp-content\/uploads\/2013\/05\/20130528-213053.jpg\" rel=\"lightbox[1389]\"><img decoding=\"async\" loading=\"lazy\" class=\"alignnone \" alt=\"20130528-213053.jpg\" src=\"http:\/\/www.pratamedrut.se\/blog\/wp-content\/uploads\/2013\/05\/20130528-213053.jpg\" width=\"277\" height=\"368\" \/><\/a><\/p>\n<p><a href=\"http:\/\/www.pratamedrut.se\/blog\/wp-content\/uploads\/2013\/05\/20130528-213102.jpg\" rel=\"lightbox[1389]\"><img decoding=\"async\" loading=\"lazy\" class=\"alignnone \" alt=\"20130528-213102.jpg\" src=\"http:\/\/www.pratamedrut.se\/blog\/wp-content\/uploads\/2013\/05\/20130528-213102.jpg\" width=\"277\" height=\"368\" \/><\/a><\/p>\n<p><a href=\"http:\/\/www.pratamedrut.se\/blog\/wp-content\/uploads\/2013\/05\/20130528-213109.jpg\" rel=\"lightbox[1389]\"><img decoding=\"async\" loading=\"lazy\" class=\"alignnone \" alt=\"20130528-213109.jpg\" src=\"http:\/\/www.pratamedrut.se\/blog\/wp-content\/uploads\/2013\/05\/20130528-213109.jpg\" width=\"277\" height=\"368\" \/><\/a><\/p>\n","protected":false},"excerpt":{"rendered":"<p>Nu har Sixten f\u00e5tt \u00e4nnu en sittdyna, till sin ordinarie vagn, det var ju inte s\u00e5 komplicerat \u00e4nd\u00e5 att g\u00f6ra dom, och med erfarenheten fr\u00e5n den f\u00f6rra (som man kan l\u00e4sa om h\u00e4r) s\u00e5 gick den h\u00e4r of\u00f6rsk\u00e4mt l\u00e4tt att g\u00f6ra, \u00e4ven om m\u00f6nsterskapandet tog lite mer tid, det var inte riktigt lika enkelt att<\/p>\n<footer class=\"entry-footer index-entry\">\n<div class=\"post-social pull-left\"><a href=\"https:\/\/www.facebook.com\/sharer\/sharer.php?u=http%3A%2F%2Fwww.pratamedrut.se%2Fblog%2Fytterligare-en-sittdyna%2F\" target=\"_blank\" class=\"social-icons\"><i class=\"fa fa-facebook\" aria-hidden=\"true\"><\/i><\/a><a href=\"https:\/\/twitter.com\/home?status=http%3A%2F%2Fwww.pratamedrut.se%2Fblog%2Fytterligare-en-sittdyna%2F\" target=\"_blank\" class=\"social-icons\"><i class=\"fa fa-twitter\" aria-hidden=\"true\"><\/i><\/a><a href=\"https:\/\/www.linkedin.com\/shareArticle?mini=true&#038;url=http%3A%2F%2Fwww.pratamedrut.se%2Fblog%2Fytterligare-en-sittdyna%2F&#038;title=Ytterligare+en+sittdyna\" target=\"_blank\" class=\"social-icons\"><i class=\"fa fa-linkedin\" aria-hidden=\"true\"><\/i><\/a><\/div>\n<p class=\"link-more\"><a href=\"http:\/\/www.pratamedrut.se\/blog\/ytterligare-en-sittdyna\/\" class=\"more-link\">Continue reading <span class=\"meta-nav\">\u2192<\/span><\/a><\/p>\n<\/footer>\n","protected":false},"author":2,"featured_media":0,"comment_status":"open","ping_status":"open","sticky":false,"template":"","format":"standard","meta":{"ngg_post_thumbnail":0},"categories":[3,18,8,12],"tags":[],"jetpack_featured_media_url":"","_links":{"self":[{"href":"http:\/\/www.pratamedrut.se\/blog\/wp-json\/wp\/v2\/posts\/1389"}],"collection":[{"href":"http:\/\/www.pratamedrut.se\/blog\/wp-json\/wp\/v2\/posts"}],"about":[{"href":"http:\/\/www.pratamedrut.se\/blog\/wp-json\/wp\/v2\/types\/post"}],"author":[{"embeddable":true,"href":"http:\/\/www.pratamedrut.se\/blog\/wp-json\/wp\/v2\/users\/2"}],"replies":[{"embeddable":true,"href":"http:\/\/www.pratamedrut.se\/blog\/wp-json\/wp\/v2\/comments?post=1389"}],"version-history":[{"count":2,"href":"http:\/\/www.pratamedrut.se\/blog\/wp-json\/wp\/v2\/posts\/1389\/revisions"}],"predecessor-version":[{"id":1391,"href":"http:\/\/www.pratamedrut.se\/blog\/wp-json\/wp\/v2\/posts\/1389\/revisions\/1391"}],"wp:attachment":[{"href":"http:\/\/www.pratamedrut.se\/blog\/wp-json\/wp\/v2\/media?parent=1389"}],"wp:term":[{"taxonomy":"category","embeddable":true,"href":"http:\/\/www.pratamedrut.se\/blog\/wp-json\/wp\/v2\/categories?post=1389"},{"taxonomy":"post_tag","embeddable":true,"href":"http:\/\/www.pratamedrut.se\/blog\/wp-json\/wp\/v2\/tags?post=1389"}],"curies":[{"name":"wp","href":"https:\/\/api.w.org\/{rel}","templated":true}]}}