{"id":1370,"date":"2013-04-12T20:34:52","date_gmt":"2013-04-12T18:34:52","guid":{"rendered":"http:\/\/www.pratamedrut.se\/blog\/?p=1370"},"modified":"2013-04-12T21:01:27","modified_gmt":"2013-04-12T19:01:27","slug":"atervunnen-t-shirt-2","status":"publish","type":"post","link":"http:\/\/www.pratamedrut.se\/blog\/atervunnen-t-shirt-2\/","title":{"rendered":"\u00c5tervunnen t-shirt #2"},"content":{"rendered":"<p>\u00c5tervann ju en t-shirt f\u00f6r inte s\u00e5 l\u00e4ngesen, en alldeles f\u00f6r liten t-shirt som blev till en <a href=\"http:\/\/www.pratamedrut.se\/blog\/atervunnen-t-shirt-1\/ \" target=\"_blank\">bricka<\/a>. Skrev d\u00e5 ocks\u00e5 att jag hade ytterligare ett projekt p\u00e5 g\u00e5ng, med en alldeles f\u00f6r stor tr\u00f6ja, nu har jag \u00e4ntligen f\u00e5tt det gjort. Det blev en p\u00e5se. Inspirationen till detta hittade jag via Pinterest (v\u00e4rldens b\u00e4sta p\u00e5fund), d\u00e4r jag hittade det h\u00e4r <a href=\"http:\/\/www.moredesignplease.com\/moredesignplease\/2010\/6\/6\/diy-recycled-t-shirt-tote-bag.html\" target=\"_blank\">knepet<\/a>. Jag tog det dock steget l\u00e4ngre, och best\u00e4mde mig f\u00f6r att fodra p\u00e5sen, s\u00e5 den skulle h\u00e5lla l\u00e4ngre. En p\u00e5se i t-shirttyg l\u00e4r ju bli lite utt\u00e4njd med tiden t\u00e4nkte jag, eller r\u00e4ttare sagt, Fredrik t\u00e4nkte \u00e5t mig.<\/p>\n<p>T-shirten det handlar om k\u00f6pte jag p\u00e5 Hultsfredsfestivalen 2001, n\u00e4r man faktiskt var i Hultsfred och ingen annanstans. Weezer spelade d\u00e4r detta \u00e5r, och jag fick m\u00f6jligheten att f\u00f6lja med kusin Christian och n\u00e5gra av hans v\u00e4nner, f\u00f6rutsatt att jag k\u00f6rde hem. Gissa varf\u00f6r. :) Vi \u00e5kte dit bara f\u00f6r att se Weezer, och det har jag inte \u00e5ngrat, inte ens n\u00e4r jag vaknade upp morgonen efter stel som attan efter att ha sovit i frams\u00e4tet i en bil&#8230; Eller vid f\u00f6rsta stoppet p\u00e5 v\u00e4gen hem p\u00e5 en \u00f6de grusv\u00e4g&#8230; Men det \u00e4r en annan story.<\/p>\n<p>N\u00e5gra t-shirts i tjejstorlekar fanns inte kvar, inte sm\u00e5 f\u00f6r killar heller, men jag ville v\u00e4ldigt g\u00e4rna ha en, s\u00e5 det fick bli en i storlek L, precis som om den n\u00e5gonsin skulle passa. Jag har v\u00e4l anv\u00e4nt den ett par g\u00e5nger, typ att sova i eller s\u00e5, men inte mer. Har dock inte kunnat g\u00f6ra mig av med den, det \u00e4r ju \u00e4nd\u00e5 Weezer. S\u00e5 n\u00e4r jag surfade p\u00e5 p\u00e5s-tipset t\u00e4nkte jag direkt p\u00e5 den h\u00e4r t-shirten.<\/p>\n<p>Jag gl\u00f6mde ju givetvis att ta en f\u00f6rebild, men jag misst\u00e4nker att det \u00e4nd\u00e5 inte beh\u00f6vs, en t-shirt \u00e4r ju \u00e4nd\u00e5 en t-shirt.<\/p>\n<p>Jag gjorde helt sonika s\u00e5 att jag tog en ICA-kasse och gjorde ett m\u00f6nster, och klippte sedan ut enligt detta i b\u00e5de t-shirten och mitt foder, valde lila bomullsv\u00e4v.<\/p>\n<p><a href=\"http:\/\/www.pratamedrut.se\/blog\/wp-content\/uploads\/2013\/04\/20130412-203352.jpg\" rel=\"lightbox[1370]\"><img decoding=\"async\" loading=\"lazy\" class=\"alignnone \" alt=\"20130412-203352.jpg\" src=\"http:\/\/www.pratamedrut.se\/blog\/wp-content\/uploads\/2013\/04\/20130412-203352.jpg\" width=\"222\" height=\"294\" \/><\/a><a href=\"http:\/\/www.pratamedrut.se\/blog\/wp-content\/uploads\/2013\/04\/20130412-203402.jpg\" rel=\"lightbox[1370]\"> <img decoding=\"async\" loading=\"lazy\" class=\"alignnone \" alt=\"20130412-203402.jpg\" src=\"http:\/\/www.pratamedrut.se\/blog\/wp-content\/uploads\/2013\/04\/20130412-203402.jpg\" width=\"222\" height=\"294\" \/><\/a><\/p>\n<p>Jag sydde sedan ihop handtagen upptill p\u00e5 b\u00e5da, och sidorna. Sedan n\u00e5lade jag och sydde ihop det r\u00f6da med det lila runt handtagen. Jag gjorde en rej\u00e4l tankevurpa, och s\u00e5g framf\u00f6r mig i huvudet hur det bara var att sy ihop allt fr\u00e5n avigan och sedan vr\u00e4nga. Som tur var ins\u00e5g jag tidigt att det ju inte skulle g\u00e5, s\u00e5 ist\u00e4llet sydde jag en del i taget, och f\u00f6r varje del n\u00e5lade jag n\u00e4r jag hade p\u00e5sen som den skulle bli, allts\u00e5 med r\u00e4tan ut\u00e5t, och sedan vr\u00e4ngde jag till p\u00e5sen s\u00e5 att jag kom \u00e5t att sy fr\u00e5n avigan. P\u00e5 s\u00e5 s\u00e4tt visste jag att det skulle bli &#8221;r\u00e4tt&#8221; n\u00e4r jag vr\u00e4ngde den. Det blev lite pilligare \u00e4n jag f\u00f6rest\u00e4llt mig, men \u00e4nd\u00e5 inte speciellt sv\u00e5rt.<\/p>\n<p>N\u00e4r det var klart sydde jag ihop botten p\u00e5 det r\u00f6da fr\u00e5n avigan, och sedan botten p\u00e5 det lila. Eftersom jag inte kom \u00e5t det fr\u00e5n avigan p\u00e5 det lila, s\u00e5 str\u00f6k jag in en f\u00e5ll, och sydde sedan ihop fr\u00e5n r\u00e4tan, det syns ju \u00e4nd\u00e5 inte i botten av p\u00e5sen. Jag vek sedan in handtagen och sydde ihop, och vek in botten p\u00e5 b\u00e5da sidor och sydde fast, s\u00e5 det blir precis som en matkasse som kan &#8221;vecklas&#8221; ut.<\/p>\n<p>Jag blev v\u00e4ldigt n\u00f6jd med resultatet, och denna f\u00e5r nu alltid ligga under barnvagnen s\u00e5 jag alltid har en kasse att handla i&#8230;<\/p>\n<p><a href=\"http:\/\/www.pratamedrut.se\/blog\/wp-content\/uploads\/2013\/04\/20130412-203413.jpg\" rel=\"lightbox[1370]\"><img decoding=\"async\" loading=\"lazy\" class=\"alignnone \" alt=\"20130412-203413.jpg\" src=\"http:\/\/www.pratamedrut.se\/blog\/wp-content\/uploads\/2013\/04\/20130412-203413.jpg\" width=\"222\" height=\"294\" \/><\/a><a href=\"http:\/\/www.pratamedrut.se\/blog\/wp-content\/uploads\/2013\/04\/20130412-203422.jpg\" rel=\"lightbox[1370]\"> <img decoding=\"async\" loading=\"lazy\" class=\"alignnone \" alt=\"20130412-203422.jpg\" src=\"http:\/\/www.pratamedrut.se\/blog\/wp-content\/uploads\/2013\/04\/20130412-203422.jpg\" width=\"222\" height=\"294\" \/><\/a><a href=\"http:\/\/www.pratamedrut.se\/blog\/wp-content\/uploads\/2013\/04\/20130412-203429.jpg\" rel=\"lightbox[1370]\"> <img decoding=\"async\" loading=\"lazy\" class=\"alignnone \" alt=\"20130412-203429.jpg\" src=\"http:\/\/www.pratamedrut.se\/blog\/wp-content\/uploads\/2013\/04\/20130412-203429.jpg\" width=\"222\" height=\"294\" \/><\/a><\/p>\n<p>Fredrik fick agera modell, med p\u00e5sen fylld med diverse varor fr\u00e5n kylsk\u00e5pet. :)<\/p>\n<p><a href=\"http:\/\/www.pratamedrut.se\/blog\/wp-content\/uploads\/2013\/04\/20130412-203442.jpg\" rel=\"lightbox[1370]\"><img decoding=\"async\" loading=\"lazy\" class=\"alignnone \" alt=\"20130412-203442.jpg\" src=\"http:\/\/www.pratamedrut.se\/blog\/wp-content\/uploads\/2013\/04\/20130412-203442.jpg\" width=\"222\" height=\"294\" \/><\/a><a href=\"http:\/\/www.pratamedrut.se\/blog\/wp-content\/uploads\/2013\/04\/20130412-203449.jpg\" rel=\"lightbox[1370]\"> <img decoding=\"async\" loading=\"lazy\" class=\"alignnone \" alt=\"20130412-203449.jpg\" src=\"http:\/\/www.pratamedrut.se\/blog\/wp-content\/uploads\/2013\/04\/20130412-203449.jpg\" width=\"222\" height=\"294\" \/><\/a><a href=\"http:\/\/www.pratamedrut.se\/blog\/wp-content\/uploads\/2013\/04\/20130412-203456.jpg\" rel=\"lightbox[1370]\"> <img decoding=\"async\" loading=\"lazy\" class=\"alignnone \" alt=\"20130412-203456.jpg\" src=\"http:\/\/www.pratamedrut.se\/blog\/wp-content\/uploads\/2013\/04\/20130412-203456.jpg\" width=\"222\" height=\"294\" \/><\/a><\/p>\n<p>P\u00e5sen i sin fulla bredd och ihopvikt&#8230;<\/p>\n","protected":false},"excerpt":{"rendered":"<p>\u00c5tervann ju en t-shirt f\u00f6r inte s\u00e5 l\u00e4ngesen, en alldeles f\u00f6r liten t-shirt som blev till en bricka. Skrev d\u00e5 ocks\u00e5 att jag hade ytterligare ett projekt p\u00e5 g\u00e5ng, med en alldeles f\u00f6r stor tr\u00f6ja, nu har jag \u00e4ntligen f\u00e5tt det gjort. Det blev en p\u00e5se. Inspirationen till detta hittade jag via Pinterest (v\u00e4rldens b\u00e4sta<\/p>\n<footer class=\"entry-footer index-entry\">\n<div class=\"post-social pull-left\"><a href=\"https:\/\/www.facebook.com\/sharer\/sharer.php?u=http%3A%2F%2Fwww.pratamedrut.se%2Fblog%2Fatervunnen-t-shirt-2%2F\" target=\"_blank\" class=\"social-icons\"><i class=\"fa fa-facebook\" aria-hidden=\"true\"><\/i><\/a><a href=\"https:\/\/twitter.com\/home?status=http%3A%2F%2Fwww.pratamedrut.se%2Fblog%2Fatervunnen-t-shirt-2%2F\" target=\"_blank\" class=\"social-icons\"><i class=\"fa fa-twitter\" aria-hidden=\"true\"><\/i><\/a><a href=\"https:\/\/www.linkedin.com\/shareArticle?mini=true&#038;url=http%3A%2F%2Fwww.pratamedrut.se%2Fblog%2Fatervunnen-t-shirt-2%2F&#038;title=%C3%85tervunnen+t-shirt+%232\" target=\"_blank\" class=\"social-icons\"><i class=\"fa fa-linkedin\" aria-hidden=\"true\"><\/i><\/a><\/div>\n<p class=\"link-more\"><a href=\"http:\/\/www.pratamedrut.se\/blog\/atervunnen-t-shirt-2\/\" class=\"more-link\">Continue reading <span class=\"meta-nav\">\u2192<\/span><\/a><\/p>\n<\/footer>\n","protected":false},"author":2,"featured_media":0,"comment_status":"open","ping_status":"open","sticky":false,"template":"","format":"standard","meta":{"ngg_post_thumbnail":0},"categories":[3,8,12],"tags":[],"jetpack_featured_media_url":"","_links":{"self":[{"href":"http:\/\/www.pratamedrut.se\/blog\/wp-json\/wp\/v2\/posts\/1370"}],"collection":[{"href":"http:\/\/www.pratamedrut.se\/blog\/wp-json\/wp\/v2\/posts"}],"about":[{"href":"http:\/\/www.pratamedrut.se\/blog\/wp-json\/wp\/v2\/types\/post"}],"author":[{"embeddable":true,"href":"http:\/\/www.pratamedrut.se\/blog\/wp-json\/wp\/v2\/users\/2"}],"replies":[{"embeddable":true,"href":"http:\/\/www.pratamedrut.se\/blog\/wp-json\/wp\/v2\/comments?post=1370"}],"version-history":[{"count":2,"href":"http:\/\/www.pratamedrut.se\/blog\/wp-json\/wp\/v2\/posts\/1370\/revisions"}],"predecessor-version":[{"id":1372,"href":"http:\/\/www.pratamedrut.se\/blog\/wp-json\/wp\/v2\/posts\/1370\/revisions\/1372"}],"wp:attachment":[{"href":"http:\/\/www.pratamedrut.se\/blog\/wp-json\/wp\/v2\/media?parent=1370"}],"wp:term":[{"taxonomy":"category","embeddable":true,"href":"http:\/\/www.pratamedrut.se\/blog\/wp-json\/wp\/v2\/categories?post=1370"},{"taxonomy":"post_tag","embeddable":true,"href":"http:\/\/www.pratamedrut.se\/blog\/wp-json\/wp\/v2\/tags?post=1370"}],"curies":[{"name":"wp","href":"https:\/\/api.w.org\/{rel}","templated":true}]}}