{"id":1342,"date":"2013-03-19T15:27:16","date_gmt":"2013-03-19T14:27:16","guid":{"rendered":"http:\/\/www.pratamedrut.se\/blog\/?p=1342"},"modified":"2013-03-19T15:27:16","modified_gmt":"2013-03-19T14:27:16","slug":"ny-overall-till-sixten","status":"publish","type":"post","link":"http:\/\/www.pratamedrut.se\/blog\/ny-overall-till-sixten\/","title":{"rendered":"Ny overall till Sixten"},"content":{"rendered":"<p>I l\u00f6rdags gjorde vi ett snabbt varv i de st\u00f6rre butikerna med barnkl\u00e4der, p\u00e5 jakt efter en tunnare fleeceoverall. Den han har blir han v\u00e4ldigt varm i, och om det ska vara v\u00e5r i Bern vill vi kunna kl\u00e4 honom lite l\u00e4ttare, men vi beh\u00f6ver n\u00e5got som t\u00e4cker h\u00e4nderna, f\u00f6r han \u00e4r inte s\u00e5 f\u00f6rtjust i vantar, men vill ha h\u00e4nderna i luften ist\u00e4llet f\u00f6r under filten. Vi hittade dock inget, alla var mer eller mindre fodrade, och d\u00e5 blir han nog f\u00f6r varm.<\/p>\n<p>Vi b\u00f6rjade d\u00e5 ist\u00e4llet fundera p\u00e5 att sy en enkel overall, har lite fleece kvar efter att han f\u00e5tt b\u00e5de t\u00e4cke till s\u00e4ngen och &#8221;lakan&#8221; till vagnen i det. Resten av dagen, tills vi kom hem, gick min hj\u00e4rna p\u00e5 h\u00f6gvarv. Hela overallen skapades i mitt huvud, fr\u00e5n m\u00f6nster till f\u00e4rdig overall. Hur skulle den se ut, \u00f6ppning, dragkedja, knappar eller kardborre, \u00f6ppning eller inte f\u00f6r h\u00e4nder och f\u00f6tter. Det \u00e4r s\u00e5 jag brukar fungera n\u00e4r jag ska skapa n\u00e5got. Jag skapar allt i huvudet en g\u00e5ng innan, s\u00e5 att jag har klart f\u00f6r mig n\u00e4r jag v\u00e4l b\u00f6rjar i vilken ordning jag ska g\u00f6ra allt. I vanliga fall brukar jag ocks\u00e5 skriva ner, och anteckna, och sedan ge det n\u00e5gra dagar f\u00f6r att kunna modifiera lite och komma p\u00e5 b\u00e4ttre id\u00e9er, men nu k\u00f6rde vi direkt, och modifierade under kv\u00e4llens g\u00e5ng.<\/p>\n<p>S\u00e5 h\u00e4r blev resultatet. Inte det mest v\u00e4lskr\u00e4ddade jag sytt, men fyller sin funktion. D\u00e5 han har samma tyg som &#8221;lakan&#8221; i vagnen syns han n\u00e4stan inte n\u00e4r han ligger d\u00e4r&#8230; :)<\/p>\n<p><a href=\"http:\/\/herrsixten.se\/wp-content\/uploads\/2013\/03\/20130319-142833.jpg\" rel=\"lightbox[1342]\"><img decoding=\"async\" loading=\"lazy\" alt=\"20130319-142833.jpg\" src=\"http:\/\/herrsixten.se\/wp-content\/uploads\/2013\/03\/20130319-142833.jpg\" width=\"166\" height=\"221\" \/><\/a><a href=\"http:\/\/herrsixten.se\/wp-content\/uploads\/2013\/03\/20130319-142841.jpg\" rel=\"lightbox[1342]\"> <img decoding=\"async\" loading=\"lazy\" alt=\"20130319-142841.jpg\" src=\"http:\/\/herrsixten.se\/wp-content\/uploads\/2013\/03\/20130319-142841.jpg\" width=\"166\" height=\"221\" \/><\/a><a href=\"http:\/\/herrsixten.se\/wp-content\/uploads\/2013\/03\/20130319-142850.jpg\" rel=\"lightbox[1342]\"> <img decoding=\"async\" loading=\"lazy\" alt=\"20130319-142850.jpg\" src=\"http:\/\/herrsixten.se\/wp-content\/uploads\/2013\/03\/20130319-142850.jpg\" width=\"166\" height=\"221\" \/><\/a><\/p>\n<p>S\u00e5 h\u00e4r gjorde vi (jag).<br \/>\nD\u00e5 vi \u00e4r v\u00e4ldigt n\u00f6jda med passformen p\u00e5 den PoP-overall han har idag utgick vi fr\u00e5n den. Jag la helt sonika den platt p\u00e5 dubbelt fleecetyg och ritade av, direkt p\u00e5 tyget. Vi ville ha lite l\u00e4ngre \u00e4rmar och mycket l\u00e4ngre ben, s\u00e5 d\u00e4r \u00f6kade jag, och s\u00e5 la jag till lite p\u00e5 bredden s\u00e5 att han kan \u00e4ta upp sig lite, det vore ju synd om den inte \u00e4r lagom hela v\u00e5ren. Jag sket i luva, t\u00e4nkte att det inte beh\u00f6vs b\u00e5de m\u00f6ssa och luva d\u00e5 den \u00e4r t\u00e4nkt att anv\u00e4ndas nu n\u00e4r det f\u00f6rhoppningsvis blir lite varmare, la ist\u00e4llet till f\u00f6r en liten krage.<\/p>\n<p>Klippte sedan i dubbelt tyg, ena halvan av overallen, och vek den \u00f6ver, och klippte andra halvan, s\u00e5 att b\u00e5da sidorna blev identiska. Sedan klippte jag framstycket mitt itu, och sydde i dragkedja och f\u00e5llade \u00f6versta delen, som inte fick dragkedja. Eftersom det inte \u00e4r \u00f6ppning i vare sig \u00e4rmar eller ben, s\u00e5 sydde jag bara runt hela overallen sedan, f\u00e5llade kragen och sydde p\u00e5 en v\u00e4ndsydd bit som \u00e4r t\u00e4nkt att t\u00e4cka \u00f6ppningen d\u00e4r det inte \u00e4r dragkedja. Klart!<br \/>\nJag tror det hela tog mindre \u00e4n 2 timmar att f\u00e5 klart.<\/p>\n<p>Blir det en n\u00e4sta g\u00e5ng s\u00e5 tror jag nog att jag ser till att f\u00e5 p\u00e5 en luva, och g\u00f6r s\u00e5na d\u00e4r fiffiga vika-\u00f6ver-\u00f6ppningar i \u00e4rmar och ben, det borde inte ta s\u00e5 mycket l\u00e4ngre tid, det blir bara lite mer f\u00e5llande.<\/p>\n","protected":false},"excerpt":{"rendered":"<p>I l\u00f6rdags gjorde vi ett snabbt varv i de st\u00f6rre butikerna med barnkl\u00e4der, p\u00e5 jakt efter en tunnare fleeceoverall. Den han har blir han v\u00e4ldigt varm i, och om det ska vara v\u00e5r i Bern vill vi kunna kl\u00e4 honom lite l\u00e4ttare, men vi beh\u00f6ver n\u00e5got som t\u00e4cker h\u00e4nderna, f\u00f6r han \u00e4r inte s\u00e5 f\u00f6rtjust<\/p>\n<footer class=\"entry-footer index-entry\">\n<div class=\"post-social pull-left\"><a href=\"https:\/\/www.facebook.com\/sharer\/sharer.php?u=http%3A%2F%2Fwww.pratamedrut.se%2Fblog%2Fny-overall-till-sixten%2F\" target=\"_blank\" class=\"social-icons\"><i class=\"fa fa-facebook\" aria-hidden=\"true\"><\/i><\/a><a href=\"https:\/\/twitter.com\/home?status=http%3A%2F%2Fwww.pratamedrut.se%2Fblog%2Fny-overall-till-sixten%2F\" target=\"_blank\" class=\"social-icons\"><i class=\"fa fa-twitter\" aria-hidden=\"true\"><\/i><\/a><a href=\"https:\/\/www.linkedin.com\/shareArticle?mini=true&#038;url=http%3A%2F%2Fwww.pratamedrut.se%2Fblog%2Fny-overall-till-sixten%2F&#038;title=Ny+overall+till+Sixten\" target=\"_blank\" class=\"social-icons\"><i class=\"fa fa-linkedin\" aria-hidden=\"true\"><\/i><\/a><\/div>\n<p class=\"link-more\"><a href=\"http:\/\/www.pratamedrut.se\/blog\/ny-overall-till-sixten\/\" class=\"more-link\">Continue reading <span class=\"meta-nav\">\u2192<\/span><\/a><\/p>\n<\/footer>\n","protected":false},"author":2,"featured_media":0,"comment_status":"open","ping_status":"open","sticky":false,"template":"","format":"standard","meta":{"ngg_post_thumbnail":0},"categories":[3,18,15,8,12],"tags":[],"jetpack_featured_media_url":"","_links":{"self":[{"href":"http:\/\/www.pratamedrut.se\/blog\/wp-json\/wp\/v2\/posts\/1342"}],"collection":[{"href":"http:\/\/www.pratamedrut.se\/blog\/wp-json\/wp\/v2\/posts"}],"about":[{"href":"http:\/\/www.pratamedrut.se\/blog\/wp-json\/wp\/v2\/types\/post"}],"author":[{"embeddable":true,"href":"http:\/\/www.pratamedrut.se\/blog\/wp-json\/wp\/v2\/users\/2"}],"replies":[{"embeddable":true,"href":"http:\/\/www.pratamedrut.se\/blog\/wp-json\/wp\/v2\/comments?post=1342"}],"version-history":[{"count":2,"href":"http:\/\/www.pratamedrut.se\/blog\/wp-json\/wp\/v2\/posts\/1342\/revisions"}],"predecessor-version":[{"id":1344,"href":"http:\/\/www.pratamedrut.se\/blog\/wp-json\/wp\/v2\/posts\/1342\/revisions\/1344"}],"wp:attachment":[{"href":"http:\/\/www.pratamedrut.se\/blog\/wp-json\/wp\/v2\/media?parent=1342"}],"wp:term":[{"taxonomy":"category","embeddable":true,"href":"http:\/\/www.pratamedrut.se\/blog\/wp-json\/wp\/v2\/categories?post=1342"},{"taxonomy":"post_tag","embeddable":true,"href":"http:\/\/www.pratamedrut.se\/blog\/wp-json\/wp\/v2\/tags?post=1342"}],"curies":[{"name":"wp","href":"https:\/\/api.w.org\/{rel}","templated":true}]}}