{"id":1236,"date":"2013-02-06T16:00:39","date_gmt":"2013-02-06T15:00:39","guid":{"rendered":"http:\/\/www.pratamedrut.se\/blog\/?p=1236"},"modified":"2013-02-06T16:12:31","modified_gmt":"2013-02-06T15:12:31","slug":"virkade-presenter-vantar-och-bebisleksak-plus-nagra-nappband","status":"publish","type":"post","link":"http:\/\/www.pratamedrut.se\/blog\/virkade-presenter-vantar-och-bebisleksak-plus-nagra-nappband\/","title":{"rendered":"Virkade vantar och leksak plus n\u00e5gra nappband"},"content":{"rendered":"<p>Och h\u00e4r kommer inl\u00e4gget med avsl\u00f6jandet av vad som fanns i de b\u00e5da paketen&#8230;<\/p>\n<p>Det g\u00e5r ju inte s\u00e5 fort att virka nu n\u00e4r man har lite annat att fokusera p\u00e5 p\u00e5 dagarna, s\u00e5 det har tagit ett tag att f\u00e5 till allt. :) Det blev i alla fall ett par vantar med en liten knappdetalj och en kub (eller egentligen tv\u00e5) med lite skallerfunktion.<\/p>\n<p>Vantarna \u00e4r gjorda utifr\u00e5n det h\u00e4r <a href=\"http:\/\/crochetra.se\/blog\/2009\/1\/9\/monster-till-virkade-vantar-med-ribbad-mudd.html\" target=\"_blank\">m\u00f6nstret<\/a>, men jag fick modifiera lite d\u00e5 mitt garn var lite tunnare.\u00a0 Jag virkade sedan en slejf som jag virkade fast p\u00e5 undersidan och satte fast med hj\u00e4lp av knappen p\u00e5 ovansidan. Jag har anv\u00e4nt mig av Drops Merino Extra Fine och virkn\u00e5l 4,5 mm. Jag har virkat hela vanten i bakre maskb\u00e5gen, det blir en lite annorlunda struktur av det. Kanske skulle jag virkat med virkn\u00e5l 4 d\u00e5 jag har en tendens att virka ganska l\u00f6st&#8230;<\/p>\n<p><a href=\"http:\/\/www.pratamedrut.se\/blog\/wp-content\/uploads\/2013\/01\/virkade_vantar_3-e1359918689641.jpg\" rel=\"lightbox[1236]\"><img decoding=\"async\" loading=\"lazy\" class=\"alignnone  wp-image-1248\" alt=\"virkade_vantar_3\" src=\"http:\/\/www.pratamedrut.se\/blog\/wp-content\/uploads\/2013\/01\/virkade_vantar_3-e1359918689641.jpg\" width=\"174\" height=\"173\" \/>\u00a0<\/a><a href=\"http:\/\/www.pratamedrut.se\/blog\/wp-content\/uploads\/2013\/01\/virkade_vantar_2-e1359918745210.jpg\" rel=\"lightbox[1236]\"><img decoding=\"async\" loading=\"lazy\" class=\"alignnone  wp-image-1247\" alt=\"virkade_vantar_2\" src=\"http:\/\/www.pratamedrut.se\/blog\/wp-content\/uploads\/2013\/01\/virkade_vantar_2-e1359918745210.jpg\" width=\"183\" height=\"173\" \/>\u00a0<\/a><a href=\"http:\/\/www.pratamedrut.se\/blog\/wp-content\/uploads\/2013\/01\/virkade_vantar_1-e1359918820121.jpg\" rel=\"lightbox[1236]\"><img decoding=\"async\" loading=\"lazy\" class=\"alignnone  wp-image-1246\" alt=\"virkade_vantar_1\" src=\"http:\/\/www.pratamedrut.se\/blog\/wp-content\/uploads\/2013\/01\/virkade_vantar_1-e1359918820121.jpg\" width=\"138\" height=\"173\" \/>\u00a0<\/a><\/p>\n<p>Efter att jag tagit alla bilder kom jag p\u00e5 att jag ju m\u00e5ste s\u00e4tta p\u00e5 namnlappar, s\u00e5 d\u00e5 blev det s\u00e5 h\u00e4r. Den h\u00e4r bilden gav f\u00e4rgen lite mer r\u00e4ttvisa.<\/p>\n<p><a href=\"http:\/\/www.pratamedrut.se\/blog\/wp-content\/uploads\/2013\/01\/virkade_vantar_4-e1359919997542.jpg\" rel=\"lightbox[1236]\"><img decoding=\"async\" loading=\"lazy\" class=\"alignnone  wp-image-1266\" alt=\"virkade_vantar_4\" src=\"http:\/\/www.pratamedrut.se\/blog\/wp-content\/uploads\/2013\/01\/virkade_vantar_4-e1359919997542-224x300.jpg\" width=\"121\" height=\"162\" srcset=\"http:\/\/www.pratamedrut.se\/blog\/wp-content\/uploads\/2013\/01\/virkade_vantar_4-e1359919997542-224x300.jpg 224w, http:\/\/www.pratamedrut.se\/blog\/wp-content\/uploads\/2013\/01\/virkade_vantar_4-e1359919997542-767x1024.jpg 767w, http:\/\/www.pratamedrut.se\/blog\/wp-content\/uploads\/2013\/01\/virkade_vantar_4-e1359919997542.jpg 800w\" sizes=\"(max-width: 121px) 100vw, 121px\" \/><\/a><\/p>\n<p>&nbsp;<\/p>\n<p>Det senaste bebis-tillskottet i v\u00e4nkretsen heter Astor, och det \u00e4r han som f\u00e5tt kuben. Jag virkade den som om man viker ut en t\u00e4rning, som ett kors, och sedan virkade jag ihop fr\u00e5n avigsidan. N\u00e4r jag vr\u00e4ngt den fyllde jag den med vadd, och en liten plastboll (fr\u00e5n n\u00e5gon leksaksmaskin) som jag stoppade popcorn (opoppade) i, och sydde sedan igen den sista sidan. Den skallrar s\u00e5d\u00e4r lagom bra. Jag blev riktigt n\u00f6jd med resultatet faktiskt, s\u00e5 jag fick g\u00f6ra en till Sixten ocks\u00e5&#8230;<\/p>\n<p>Den \u00e4r virkad i garnet Tilda, med virkn\u00e5l 3 mm. Varje ruta \u00e4r 17 fm x 17 rader. Jag b\u00f6rjade med att l\u00e4gga upp 18 lm, virkade 17 fm i 17 varv och bytte sedan f\u00e4rg. N\u00e4r jag var f\u00e4rdig med den lila rutan bytte jag till gult och la upp 18 lm, virkade sedan 17 fm i gult och 17 fm i turkos och sen 18 lm i r\u00f6tt, v\u00e4nde och virkade sedan 17 fm i varje f\u00e4rg tills den r\u00f6da rutan var 17 varv, d\u00e5 jag bytte f\u00e4rg igen, till svart. Jag v\u00e4nde varje varv med en lm. Rutan som blir till h\u00f6ger (den r\u00f6da h\u00e4r, fast den ser rosa ut) hamnar lite &#8221;snett&#8221;, men det m\u00e4rks inte n\u00e4r man virkat ihop den. Alternativet \u00e4r v\u00e4l att g\u00f6ra en &#8221;egen&#8221; luftmaskrad fr\u00e5n den bl\u00e5a rutan\u00a0 i r\u00f6tt, som man sedan direkt kan virka f\u00f6rsta varvet fm i.<\/p>\n<p><a href=\"http:\/\/www.pratamedrut.se\/blog\/wp-content\/uploads\/2013\/02\/virkad_kub_1-e1359919277596.jpg\" rel=\"lightbox[1236]\"><img decoding=\"async\" loading=\"lazy\" class=\"alignnone  wp-image-1267\" alt=\"virkad_kub_1\" src=\"http:\/\/www.pratamedrut.se\/blog\/wp-content\/uploads\/2013\/02\/virkad_kub_1-e1359919258727-225x300.jpg\" width=\"135\" height=\"180\" \/><\/a>\u00a0<a href=\"http:\/\/www.pratamedrut.se\/blog\/wp-content\/uploads\/2013\/02\/virkad_kub_2-e1359919314636.jpg\" rel=\"lightbox[1236]\"><img decoding=\"async\" loading=\"lazy\" class=\"alignnone  wp-image-1268\" alt=\"virkad_kub_2\" src=\"http:\/\/www.pratamedrut.se\/blog\/wp-content\/uploads\/2013\/02\/virkad_kub_2-300x225.jpg\" width=\"180\" height=\"135\" \/><\/a> <a href=\"http:\/\/www.pratamedrut.se\/blog\/wp-content\/uploads\/2013\/02\/virkad_kub_3-e1359919353647.jpg\" rel=\"lightbox[1236]\"><img decoding=\"async\" loading=\"lazy\" class=\"alignnone  wp-image-1269\" alt=\"virkad_kub_3\" src=\"http:\/\/www.pratamedrut.se\/blog\/wp-content\/uploads\/2013\/02\/virkad_kub_3-252x300.jpg\" width=\"151\" height=\"180\" \/><\/a>\u00a0<a href=\"http:\/\/www.pratamedrut.se\/blog\/wp-content\/uploads\/2013\/02\/virkad_kub_4-e1359919433587.jpg\" rel=\"lightbox[1236]\"><img decoding=\"async\" loading=\"lazy\" class=\"alignnone  wp-image-1270\" alt=\"virkad_kub_4\" src=\"http:\/\/www.pratamedrut.se\/blog\/wp-content\/uploads\/2013\/02\/virkad_kub_4-e1359919414500-225x300.jpg\" width=\"135\" height=\"180\" \/><\/a> <a href=\"http:\/\/www.pratamedrut.se\/blog\/wp-content\/uploads\/2013\/02\/virkad_kub_5-e1359919470934.jpg\" rel=\"lightbox[1236]\"><img decoding=\"async\" loading=\"lazy\" class=\"alignnone  wp-image-1271\" alt=\"virkad_kub_5\" src=\"http:\/\/www.pratamedrut.se\/blog\/wp-content\/uploads\/2013\/02\/virkad_kub_5-278x300.jpg\" width=\"167\" height=\"180\" \/><\/a> <a href=\"http:\/\/www.pratamedrut.se\/blog\/wp-content\/uploads\/2013\/02\/virkade_kuber-e1359919505956.jpg\" rel=\"lightbox[1236]\"><img decoding=\"async\" loading=\"lazy\" class=\"alignnone  wp-image-1272\" alt=\"virkade_kuber\" src=\"http:\/\/www.pratamedrut.se\/blog\/wp-content\/uploads\/2013\/02\/virkade_kuber-300x225.jpg\" width=\"180\" height=\"135\" \/><\/a><\/p>\n<p>Ni som \u00e4r lite uppm\u00e4rksamma ser att bilderna inte riktigt st\u00e4mmer \u00f6verens. Jag tog bilder under tillverkningen p\u00e5 b\u00e5de f\u00f6rsta och andra kuben, och det var bara andra kuben som fick en namnlapp. Att jag satte den s\u00e5 l\u00f6st \u00e4r f\u00f6r att barn gillar lappar som h\u00e4nger l\u00f6st, hur konstigt det \u00e4n l\u00e5ter&#8230;<\/p>\n<p>Astor fick ocks\u00e5 ett par nappband, s\u00e5 att inte nappen hamnar p\u00e5 golvet, dom sm\u00e5 liven har ju en tendens att spotta ut den d\u00e4r nappen i tid och otid, och det \u00e4r lite jobbigt att hela tiden plocka upp nappar. Det \u00e4r 1 helt f\u00e4rdigt nappband, med sp\u00e4nne och ring (ifall man anv\u00e4nder MAM-nappar) och sedan 2 band som man kan byta till, om man sliter ut, eller vill tv\u00e4tta lite, eller bara variera sig&#8230; Det g\u00e5r ju givetvis bra att anv\u00e4nda banden till annat \u00e4n nappar, t.ex. bitringar n\u00e4r det \u00e4r dags f\u00f6r dom, dom \u00e4r ju ocks\u00e5 roliga att kasta iv\u00e4g.<\/p>\n<p><a href=\"http:\/\/www.pratamedrut.se\/blog\/wp-content\/uploads\/2013\/01\/nappband_1-e1359660991390.jpg\" rel=\"lightbox[1236]\"><img decoding=\"async\" loading=\"lazy\" class=\"alignnone  wp-image-1257\" alt=\"nappband_1\" src=\"http:\/\/www.pratamedrut.se\/blog\/wp-content\/uploads\/2013\/01\/nappband_1-300x225.jpg\" width=\"180\" height=\"135\" \/><\/a><a href=\"http:\/\/www.pratamedrut.se\/blog\/wp-content\/uploads\/2013\/01\/nappband_2-e1359661015582.jpg\" rel=\"lightbox[1236]\"> <img decoding=\"async\" loading=\"lazy\" class=\"alignnone  wp-image-1258\" alt=\"nappband_2\" src=\"http:\/\/www.pratamedrut.se\/blog\/wp-content\/uploads\/2013\/01\/nappband_2-300x225.jpg\" width=\"180\" height=\"135\" \/><\/a><\/p>\n","protected":false},"excerpt":{"rendered":"<p>Och h\u00e4r kommer inl\u00e4gget med avsl\u00f6jandet av vad som fanns i de b\u00e5da paketen&#8230; Det g\u00e5r ju inte s\u00e5 fort att virka nu n\u00e4r man har lite annat att fokusera p\u00e5 p\u00e5 dagarna, s\u00e5 det har tagit ett tag att f\u00e5 till allt. :) Det blev i alla fall ett par vantar med en liten<\/p>\n<footer class=\"entry-footer index-entry\">\n<div class=\"post-social pull-left\"><a href=\"https:\/\/www.facebook.com\/sharer\/sharer.php?u=http%3A%2F%2Fwww.pratamedrut.se%2Fblog%2Fvirkade-presenter-vantar-och-bebisleksak-plus-nagra-nappband%2F\" target=\"_blank\" class=\"social-icons\"><i class=\"fa fa-facebook\" aria-hidden=\"true\"><\/i><\/a><a href=\"https:\/\/twitter.com\/home?status=http%3A%2F%2Fwww.pratamedrut.se%2Fblog%2Fvirkade-presenter-vantar-och-bebisleksak-plus-nagra-nappband%2F\" target=\"_blank\" class=\"social-icons\"><i class=\"fa fa-twitter\" aria-hidden=\"true\"><\/i><\/a><a href=\"https:\/\/www.linkedin.com\/shareArticle?mini=true&#038;url=http%3A%2F%2Fwww.pratamedrut.se%2Fblog%2Fvirkade-presenter-vantar-och-bebisleksak-plus-nagra-nappband%2F&#038;title=Virkade+vantar+och+leksak+plus+n%C3%A5gra+nappband\" target=\"_blank\" class=\"social-icons\"><i class=\"fa fa-linkedin\" aria-hidden=\"true\"><\/i><\/a><\/div>\n<p class=\"link-more\"><a href=\"http:\/\/www.pratamedrut.se\/blog\/virkade-presenter-vantar-och-bebisleksak-plus-nagra-nappband\/\" class=\"more-link\">Continue reading <span class=\"meta-nav\">\u2192<\/span><\/a><\/p>\n<\/footer>\n","protected":false},"author":2,"featured_media":0,"comment_status":"open","ping_status":"open","sticky":false,"template":"","format":"standard","meta":{"ngg_post_thumbnail":0},"categories":[3,11,18,19,8,12,9],"tags":[],"jetpack_featured_media_url":"","_links":{"self":[{"href":"http:\/\/www.pratamedrut.se\/blog\/wp-json\/wp\/v2\/posts\/1236"}],"collection":[{"href":"http:\/\/www.pratamedrut.se\/blog\/wp-json\/wp\/v2\/posts"}],"about":[{"href":"http:\/\/www.pratamedrut.se\/blog\/wp-json\/wp\/v2\/types\/post"}],"author":[{"embeddable":true,"href":"http:\/\/www.pratamedrut.se\/blog\/wp-json\/wp\/v2\/users\/2"}],"replies":[{"embeddable":true,"href":"http:\/\/www.pratamedrut.se\/blog\/wp-json\/wp\/v2\/comments?post=1236"}],"version-history":[{"count":36,"href":"http:\/\/www.pratamedrut.se\/blog\/wp-json\/wp\/v2\/posts\/1236\/revisions"}],"predecessor-version":[{"id":1276,"href":"http:\/\/www.pratamedrut.se\/blog\/wp-json\/wp\/v2\/posts\/1236\/revisions\/1276"}],"wp:attachment":[{"href":"http:\/\/www.pratamedrut.se\/blog\/wp-json\/wp\/v2\/media?parent=1236"}],"wp:term":[{"taxonomy":"category","embeddable":true,"href":"http:\/\/www.pratamedrut.se\/blog\/wp-json\/wp\/v2\/categories?post=1236"},{"taxonomy":"post_tag","embeddable":true,"href":"http:\/\/www.pratamedrut.se\/blog\/wp-json\/wp\/v2\/tags?post=1236"}],"curies":[{"name":"wp","href":"https:\/\/api.w.org\/{rel}","templated":true}]}}