{"id":1203,"date":"2012-12-01T20:29:55","date_gmt":"2012-12-01T19:29:55","guid":{"rendered":"http:\/\/www.pratamedrut.se\/blog\/?p=1203"},"modified":"2015-02-04T19:21:57","modified_gmt":"2015-02-04T18:21:57","slug":"virkad-kofta","status":"publish","type":"post","link":"http:\/\/www.pratamedrut.se\/blog\/virkad-kofta\/","title":{"rendered":"Virkad kofta"},"content":{"rendered":"<p>Mycket pyssel har det inte blivit p\u00e5 sistone, man kan s\u00e4ga att tiden har g\u00e5tt \u00e5t till annat&#8230;<\/p>\n<p>Senaste veckan har jag i alla fall tid att virka lite n\u00e4r Sixten har sovit, s\u00e5 jag b\u00f6rjade p\u00e5 det projekt jag t\u00e4nkte p\u00e5b\u00f6rja med det garn jag k\u00f6pte dagen d\u00e5 Sixten f\u00f6ddes. En ganska enkel virkad kofta som jag hittat <a href=\"http:\/\/www.ravelry.com\/patterns\/library\/everyday-is-a-new-sweater-day\" target=\"_blank\">h\u00e4r<\/a>. Inspirerad av <a href=\"http:\/\/graberget.blogspot.se\/2012\/11\/sotaste-koftan.html\" target=\"_blank\">Anna<\/a>,som efter tips fr\u00e5n mig ocks\u00e5 virkat koftan, gjorde jag ocks\u00e5 \u00f6glor som knapph\u00e5l ist\u00e4llet f\u00f6r att anv\u00e4nda de faktiska h\u00e5len i koftan.<\/p>\n<p><a href=\"http:\/\/www.pratamedrut.se\/blog\/wp-content\/uploads\/2012\/12\/virkadkofta1.jpg\" rel=\"lightbox[1203]\"><img decoding=\"async\" loading=\"lazy\" class=\"alignnone size-full wp-image-1204\" title=\"virkad kofta\" src=\"http:\/\/www.pratamedrut.se\/blog\/wp-content\/uploads\/2012\/12\/virkadkofta1.jpg\" alt=\"\" width=\"300\" height=\"225\" \/><\/a><\/p>\n<p><a href=\"http:\/\/www.pratamedrut.se\/blog\/wp-content\/uploads\/2012\/12\/virkadkofta2.jpg\" rel=\"lightbox[1203]\"><img decoding=\"async\" loading=\"lazy\" class=\"alignnone size-full wp-image-1205\" title=\"virkad kofta\" src=\"http:\/\/www.pratamedrut.se\/blog\/wp-content\/uploads\/2012\/12\/virkadkofta2.jpg\" alt=\"\" width=\"300\" height=\"225\" \/><\/a><\/p>\n<p>Det var lite sv\u00e5rt att veta hur stor den skulle bli d\u00e5 jag inte vet vilket typ av garn originalm\u00f6nstret anv\u00e4nts sig av. Efter lite provvirkning ins\u00e5g jag att jag beh\u00f6vde \u00f6ka n\u00e5gra maskor f\u00f6r att kragen ens skulle g\u00e5 runt halsen. Jag skulle uppskatta att den \u00e4r i storlek 62. Den passar i alla fall Sixten (\u00e4ven om han inte ser s\u00e5 glad ut).<\/p>\n<p><a href=\"http:\/\/www.pratamedrut.se\/blog\/wp-content\/uploads\/2012\/12\/virkadkofta3.jpg\" rel=\"lightbox[1203]\"><img decoding=\"async\" loading=\"lazy\" class=\"alignnone size-full wp-image-1206\" title=\"virkad kofta\" src=\"http:\/\/www.pratamedrut.se\/blog\/wp-content\/uploads\/2012\/12\/virkadkofta3.jpg\" alt=\"\" width=\"300\" height=\"225\" \/><\/a><\/p>\n<p>Jag \u00e4r i alla fall v\u00e4ldigt n\u00f6jd med resultatet, och \u00e4r redan sugen p\u00e5 att g\u00f6ra en ny, ett par storlekar st\u00f6rre d\u00e5 f\u00f6rst\u00e5s&#8230; :)<\/p>\n","protected":false},"excerpt":{"rendered":"<p>Mycket pyssel har det inte blivit p\u00e5 sistone, man kan s\u00e4ga att tiden har g\u00e5tt \u00e5t till annat&#8230; Senaste veckan har jag i alla fall tid att virka lite n\u00e4r Sixten har sovit, s\u00e5 jag b\u00f6rjade p\u00e5 det projekt jag t\u00e4nkte p\u00e5b\u00f6rja med det garn jag k\u00f6pte dagen d\u00e5 Sixten f\u00f6ddes. En ganska enkel virkad<\/p>\n<footer class=\"entry-footer index-entry\">\n<div class=\"post-social pull-left\"><a href=\"https:\/\/www.facebook.com\/sharer\/sharer.php?u=http%3A%2F%2Fwww.pratamedrut.se%2Fblog%2Fvirkad-kofta%2F\" target=\"_blank\" class=\"social-icons\"><i class=\"fa fa-facebook\" aria-hidden=\"true\"><\/i><\/a><a href=\"https:\/\/twitter.com\/home?status=http%3A%2F%2Fwww.pratamedrut.se%2Fblog%2Fvirkad-kofta%2F\" target=\"_blank\" class=\"social-icons\"><i class=\"fa fa-twitter\" aria-hidden=\"true\"><\/i><\/a><a href=\"https:\/\/www.linkedin.com\/shareArticle?mini=true&#038;url=http%3A%2F%2Fwww.pratamedrut.se%2Fblog%2Fvirkad-kofta%2F&#038;title=Virkad+kofta\" target=\"_blank\" class=\"social-icons\"><i class=\"fa fa-linkedin\" aria-hidden=\"true\"><\/i><\/a><\/div>\n<p class=\"link-more\"><a href=\"http:\/\/www.pratamedrut.se\/blog\/virkad-kofta\/\" class=\"more-link\">Continue reading <span class=\"meta-nav\">\u2192<\/span><\/a><\/p>\n<\/footer>\n","protected":false},"author":2,"featured_media":0,"comment_status":"open","ping_status":"open","sticky":false,"template":"","format":"standard","meta":{"ngg_post_thumbnail":0},"categories":[3,19,8,9],"tags":[],"jetpack_featured_media_url":"","_links":{"self":[{"href":"http:\/\/www.pratamedrut.se\/blog\/wp-json\/wp\/v2\/posts\/1203"}],"collection":[{"href":"http:\/\/www.pratamedrut.se\/blog\/wp-json\/wp\/v2\/posts"}],"about":[{"href":"http:\/\/www.pratamedrut.se\/blog\/wp-json\/wp\/v2\/types\/post"}],"author":[{"embeddable":true,"href":"http:\/\/www.pratamedrut.se\/blog\/wp-json\/wp\/v2\/users\/2"}],"replies":[{"embeddable":true,"href":"http:\/\/www.pratamedrut.se\/blog\/wp-json\/wp\/v2\/comments?post=1203"}],"version-history":[{"count":5,"href":"http:\/\/www.pratamedrut.se\/blog\/wp-json\/wp\/v2\/posts\/1203\/revisions"}],"predecessor-version":[{"id":1755,"href":"http:\/\/www.pratamedrut.se\/blog\/wp-json\/wp\/v2\/posts\/1203\/revisions\/1755"}],"wp:attachment":[{"href":"http:\/\/www.pratamedrut.se\/blog\/wp-json\/wp\/v2\/media?parent=1203"}],"wp:term":[{"taxonomy":"category","embeddable":true,"href":"http:\/\/www.pratamedrut.se\/blog\/wp-json\/wp\/v2\/categories?post=1203"},{"taxonomy":"post_tag","embeddable":true,"href":"http:\/\/www.pratamedrut.se\/blog\/wp-json\/wp\/v2\/tags?post=1203"}],"curies":[{"name":"wp","href":"https:\/\/api.w.org\/{rel}","templated":true}]}}