{"id":1114,"date":"2012-08-23T21:23:51","date_gmt":"2012-08-23T19:23:51","guid":{"rendered":"http:\/\/www.pratamedrut.se\/blog\/?p=1114"},"modified":"2012-08-23T21:48:11","modified_gmt":"2012-08-23T19:48:11","slug":"intresse-for-de-virkade-armbanden","status":"publish","type":"post","link":"http:\/\/www.pratamedrut.se\/blog\/intresse-for-de-virkade-armbanden\/","title":{"rendered":"Intresse f\u00f6r de virkade armbanden?"},"content":{"rendered":"<p>T\u00e4nkte kolla om det finns n\u00e5gon som \u00e4r intresserad av mina virkade armband? \u00c4r lite sugen p\u00e5 att g\u00f6ra fler, men tr\u00e5kigt om dom bara blir liggande, s\u00e5 har insett att jag kanske m\u00e5ste jobba lite p\u00e5 best\u00e4llning igen. :)<\/p>\n<p>De kan i s\u00e5 fall komma i f\u00f6ljande f\u00e4rger:<\/p>\n<p><a href=\"http:\/\/www.pratamedrut.se\/blog\/wp-content\/uploads\/2012\/08\/20120823-211835.jpg\" rel=\"lightbox[1114]\"><img decoding=\"async\" class=\"alignnone size-full\" src=\"http:\/\/www.pratamedrut.se\/blog\/wp-content\/uploads\/2012\/08\/20120823-211835.jpg\" alt=\"armband i rosa med slutp\u00e4rla i matchande f\u00e4rg\" \/><\/a><\/p>\n<p><a href=\"http:\/\/www.pratamedrut.se\/blog\/wp-content\/uploads\/2012\/08\/20120823-211843.jpg\" rel=\"lightbox[1114]\"><img decoding=\"async\" class=\"alignnone size-full\" src=\"http:\/\/www.pratamedrut.se\/blog\/wp-content\/uploads\/2012\/08\/20120823-211843.jpg\" alt=\"f\u00e4rger p\u00e5 ringarna med matchande p\u00e4rla. De tv\u00e5 m\u00f6rka \u00e4r svart respektive lila.\" \/><\/a><\/p>\n<p>De b\u00e5da m\u00f6rka ringarna \u00e4r i svart respektive lila, och den r\u00f6d\/rosa \u00e4r typ hallonr\u00f6d (p\u00e5 den \u00f6vre bilden \u00e4r f\u00e4rgen mellanrosa).<\/p>\n<p>Ett armband best\u00e5r av en st\u00f6rre och tv\u00e5 mindre ringar sammansatta med sm\u00e5ringar. Kedja med hake i ena \u00e4nden och kedja med p\u00e4rla som slut i andra \u00e4nden. Haken kan f\u00e4stas i kedjan f\u00f6r att kunna best\u00e4mma storleken p\u00e5 armbandet.<\/p>\n<p>Pris 100 kr<\/p>\n<p>H\u00f6r av er om intresse finns.<\/p>\n","protected":false},"excerpt":{"rendered":"<p>T\u00e4nkte kolla om det finns n\u00e5gon som \u00e4r intresserad av mina virkade armband? \u00c4r lite sugen p\u00e5 att g\u00f6ra fler, men tr\u00e5kigt om dom bara blir liggande, s\u00e5 har insett att jag kanske m\u00e5ste jobba lite p\u00e5 best\u00e4llning igen. :) De kan i s\u00e5 fall komma i f\u00f6ljande f\u00e4rger: De b\u00e5da m\u00f6rka ringarna \u00e4r i<\/p>\n<footer class=\"entry-footer index-entry\">\n<div class=\"post-social pull-left\"><a href=\"https:\/\/www.facebook.com\/sharer\/sharer.php?u=http%3A%2F%2Fwww.pratamedrut.se%2Fblog%2Fintresse-for-de-virkade-armbanden%2F\" target=\"_blank\" class=\"social-icons\"><i class=\"fa fa-facebook\" aria-hidden=\"true\"><\/i><\/a><a href=\"https:\/\/twitter.com\/home?status=http%3A%2F%2Fwww.pratamedrut.se%2Fblog%2Fintresse-for-de-virkade-armbanden%2F\" target=\"_blank\" class=\"social-icons\"><i class=\"fa fa-twitter\" aria-hidden=\"true\"><\/i><\/a><a href=\"https:\/\/www.linkedin.com\/shareArticle?mini=true&#038;url=http%3A%2F%2Fwww.pratamedrut.se%2Fblog%2Fintresse-for-de-virkade-armbanden%2F&#038;title=Intresse+f%C3%B6r+de+virkade+armbanden%3F\" target=\"_blank\" class=\"social-icons\"><i class=\"fa fa-linkedin\" aria-hidden=\"true\"><\/i><\/a><\/div>\n<p class=\"link-more\"><a href=\"http:\/\/www.pratamedrut.se\/blog\/intresse-for-de-virkade-armbanden\/\" class=\"more-link\">Continue reading <span class=\"meta-nav\">\u2192<\/span><\/a><\/p>\n<\/footer>\n","protected":false},"author":2,"featured_media":0,"comment_status":"open","ping_status":"open","sticky":false,"template":"","format":"standard","meta":{"ngg_post_thumbnail":0},"categories":[3,11,8,9],"tags":[],"jetpack_featured_media_url":"","_links":{"self":[{"href":"http:\/\/www.pratamedrut.se\/blog\/wp-json\/wp\/v2\/posts\/1114"}],"collection":[{"href":"http:\/\/www.pratamedrut.se\/blog\/wp-json\/wp\/v2\/posts"}],"about":[{"href":"http:\/\/www.pratamedrut.se\/blog\/wp-json\/wp\/v2\/types\/post"}],"author":[{"embeddable":true,"href":"http:\/\/www.pratamedrut.se\/blog\/wp-json\/wp\/v2\/users\/2"}],"replies":[{"embeddable":true,"href":"http:\/\/www.pratamedrut.se\/blog\/wp-json\/wp\/v2\/comments?post=1114"}],"version-history":[{"count":3,"href":"http:\/\/www.pratamedrut.se\/blog\/wp-json\/wp\/v2\/posts\/1114\/revisions"}],"predecessor-version":[{"id":1116,"href":"http:\/\/www.pratamedrut.se\/blog\/wp-json\/wp\/v2\/posts\/1114\/revisions\/1116"}],"wp:attachment":[{"href":"http:\/\/www.pratamedrut.se\/blog\/wp-json\/wp\/v2\/media?parent=1114"}],"wp:term":[{"taxonomy":"category","embeddable":true,"href":"http:\/\/www.pratamedrut.se\/blog\/wp-json\/wp\/v2\/categories?post=1114"},{"taxonomy":"post_tag","embeddable":true,"href":"http:\/\/www.pratamedrut.se\/blog\/wp-json\/wp\/v2\/tags?post=1114"}],"curies":[{"name":"wp","href":"https:\/\/api.w.org\/{rel}","templated":true}]}}