{"id":1043,"date":"2012-01-04T22:07:15","date_gmt":"2012-01-04T21:07:15","guid":{"rendered":"http:\/\/www.pratamedrut.se\/blog\/?p=1043"},"modified":"2012-01-04T22:07:15","modified_gmt":"2012-01-04T21:07:15","slug":"att-fylla-ar","status":"publish","type":"post","link":"http:\/\/www.pratamedrut.se\/blog\/att-fylla-ar\/","title":{"rendered":"Att fylla \u00e5r"},"content":{"rendered":"<p>S\u00e5 \u00e4r det d\u00e5 min f\u00f6delsedag igen. Jag tycker om att fylla \u00e5r. Jag f\u00f6rknippar det inte p\u00e5 n\u00e5got s\u00e4tt med att bli \u00e4ldre (\u00e4ven om jag givetvis f\u00f6rst\u00e5r att jag blir det) utan mer med tanken p\u00e5 att det \u00e4r min dag och ingen annans. Nu vet jag ju i och f\u00f6r sig att det inte \u00e4r helt sant ocks\u00e5, varje \u00e5r p\u00e5 min f\u00f6delsedag ringer jag ju till Linda E och s\u00e4ger grattis, s\u00e5 det \u00e4r v\u00e4l hennes dag lite ocks\u00e5, men \u00e4nd\u00e5&#8230;<\/p>\n<p>Trots att jag nu kanske \u00e4r s\u00e5 gammal att f\u00f6delsedagen inte ska spela s\u00e5 stor roll, s\u00e5 sover jag lite oroligt p\u00e5 morgonen. Viktigt f\u00f6r mig p\u00e5 f\u00f6delsedagen \u00e4r ocks\u00e5 att bevara traditionen med att vakna till s\u00e5ng, och till det h\u00f6r kanske i alla fall n\u00e5gon present, men annars \u00e4r presenterna helt oviktiga i sammanhanget.<\/p>\n<p>Ig\u00e5r n\u00e4r jag gick och la mig t\u00e4nkte jag att det h\u00e4r kanske skulle bli f\u00f6rsta f\u00f6delsedagen som jag faktiskt lyckades sova hela tiden fram till s\u00e5ngen, jag har varit s\u00e5 sjukt tr\u00f6tt senaste morgnarna att det inte borde finnas en chans i v\u00e4rlden att jag ska vakna av mig sj\u00e4lv. Jag h\u00f6ll mig f\u00f6r s\u00e4kerhets skull uppe lite l\u00e4ngre \u00e4n vanligt ig\u00e5r&#8230;<\/p>\n<p>Men, inte d\u00e5, vaknade b\u00e5de vid kl 3, 5 och 6. Sista g\u00e5ngen var s\u00e4ngen tom, och det prasslade v\u00e4ldigt n\u00e5gonstans i l\u00e4genheten, undra vad det kunde vara. =)<\/p>\n<p>F\u00f6rsta g\u00e5ngen jag vaknade ins\u00e5g jag ju snabbt att jag f\u00f6rmodligen skulle somna ganska fort, klockan var ju \u00e4nd\u00e5 bara 3&#8230; Andra g\u00e5ngen var lite nervig dock, kl 5, det skulle ju kunna vara s\u00e5 illa att jag skulle ligga och v\u00e4nda och vrida p\u00e5 mig, usch hemska tanke&#8230; Men jag somnade om, och dr\u00f6mde, som jag dr\u00f6mde&#8230;<\/p>\n<p>Jag var och h\u00e4lsade p\u00e5 p\u00e5 Wisteria Lane. F\u00f6r er som inte vet, s\u00e5 \u00e4r det helyllegatan i Desperate Housewives. D\u00e4r tr\u00e4ffade jag Carlos och Gabrielle. De b\u00e5da har ju varit lite extrema p\u00e5 sistone, sedan Carlos d\u00f6dade Gabrielles styvpappa. Nu hade Gabrielle flippat ut totalt, och ville g\u00e5 och d\u00f6da alla som f\u00f6rs\u00f6ka s\u00e4tta dom bakom l\u00e5s och bom. Carlos var lite mer nyanserad, och tyckte att detta var lite on\u00f6digt, men Gabrielle stod p\u00e5 sig. Efter en liten stund kommer tv\u00e5 killar ut p\u00e5 verandan d\u00e4r vi stod. Jag minns inte helt vad dom skulle f\u00f6rest\u00e4lla att vara, men nu var dom onda, och dom hade ringt till n\u00e5gra andra snubbar, bountyhunters, som skulle komma och ta fast C och G. Jag b\u00f6rjade nu bli lite orolig, det h\u00e4r var lite i l\u00e4skigaste laget, men vart skulle jag ta v\u00e4gen.<br \/>\nD\u00e5 kom tv\u00e5 nya killar, som tyckte att jag skulle f\u00f6lja med dom. Det l\u00e4t ju v\u00e4ldigt mysko, s\u00e5 jag v\u00e4grade. Dom stod p\u00e5 sig, och jag stod p\u00e5 mig, jag f\u00f6ljer v\u00e4l inte med n\u00e5gra ok\u00e4nda killar n\u00e4r det st\u00e5r bountyhunters med vapen i tr\u00e4dg\u00e5rden.<\/p>\n<p>Efter ett tag ins\u00e5g jag dock att jag m\u00e5ste g\u00f6ra n\u00e5got, s\u00e5 jag gick efter killarna. D\u00e5 visade det sig att dom bara ville bjuda p\u00e5 picknick. Dom hade dukat upp en filt med mat p\u00e5 en typ brygga (utan vatten) utanf\u00f6r ett stort hus. Jag slog mig givetvis ner, och var glad att jag var r\u00e4ddad fr\u00e5n Wisteria Lane. Jag b\u00f6rjade frysa ganska snart, och d\u00e5 trollade dom fram en Houdini (fleecetr\u00f6ja) till mig, varmt och sk\u00f6nt. Det var fler som fr\u00f6s, f\u00f6r en av killarna hade typ en onepiece, men den var i dun, och liknade mer en sovs\u00e4ck, men med \u00e4rmar och luva. Petrolgr\u00f6n var den, mycket snygg m\u00e5 jag s\u00e4ga.<\/p>\n<p>Men innan vi hann b\u00f6rja \u00e4ta n\u00e5gon mat s\u00e5 f\u00f6rsvann dom, men dom lovade att komma tillbaka. L\u00e5ngt senare hade dom fortfarande inte dykt upp, s\u00e5 jag gick f\u00f6r att leta efter dom, inne i det stora huset. D\u00e4r var tydligen en stor restaurang eller liknande, f\u00f6r d\u00e4r hittade jag Fredrik. Han var p\u00e5 konferens med sitt jobb. N\u00e4r dom \u00e4r p\u00e5 konferens har dom tydligen likadana tr\u00e4ningsoverallen p\u00e5 sig, f\u00f6r det hade dom nu. Vinr\u00f6da, typ Adidas. Dom \u00e4r bara 4 st, men det s\u00e5g \u00e4nd\u00e5 lite roligt ut d\u00e4r dom satt vid ett bord och s\u00e5g likadana ut. Fredrik s\u00e5g dock ut som om han tyckte att det var det naturligaste i v\u00e4rlden.<\/p>\n<p>Han tipsade mig om att leta i rummet n\u00e4rmast utg\u00e5ngen, men d\u00e4r var ingen&#8230;<\/p>\n<p>Sen blev det nog en ny dr\u00f6m, f\u00f6r helt pl\u00f6tsligt var jag p\u00e5 jobbet, i n\u00e5got stort m\u00f6te. Detta m\u00f6te br\u00f6ts pl\u00f6tsligt upp kl 14, f\u00f6r nu var det fika. Men oj! Jag hade ju gl\u00f6mt att jag bokat in fika kl 14, jag som inte tagit ut t\u00e5rtan. Den m\u00e5ste ju tas ut 20 minuter innan f\u00f6r att ens vara sk\u00e4rbar. Jag rusade ut i k\u00f6ket, bara f\u00f6r att inse att min gamla chef tagit ut t\u00e5rtan f\u00f6r mig, s\u00e5 sn\u00e4llt. Hon hade \u00e4ven tagit fram min sockerkaka jag bakat. Denna hade hon dock \u00e4ven garnerat, men cashewn\u00f6tter, vilket jag inte riktigt gillade. Men hon hade ju varit s\u00e5 sn\u00e4ll, s\u00e5 jag l\u00e4t det vara. Men n\u00e4r n\u00e5gon sedan fr\u00e5gade om det var en pepparkakesockerkaka, och hon svarade ja, d\u00e5 blev jag lite sur, f\u00f6r det var det inte alls, det var ju en frukt och fr\u00f6 sockerkaka&#8230;<\/p>\n<p>Sen vaknade jag, och d\u00e5 var kl 6 och jag h\u00f6rde prasslet. Dock lyckades jag somna om den h\u00e4r g\u00e5ngen ocks\u00e5, och dr\u00f6mma s\u00e5 klart. Den h\u00e4r g\u00e5ngen dr\u00f6mde jag att Fredrik kom och v\u00e4ckte mig med s\u00e5ng. Men tydligen har Fredrik och hans familj en annan tradition, dom sjunger en helt annan s\u00e5ng. Och denna s\u00e5ng \u00e4r s\u00e5 sv\u00e5r, s\u00e5 Fredrik var tvungen att ha texten med sig. Denna var skriver f\u00f6r hand, med spretiga bokst\u00e4ver, p\u00e5 ett g\u00e4ng ihoptejpade A4-ark. Men inte nog med det, dessutom hade melodin till denna s\u00e5ng bytts ut i \u00e5r, s\u00e5 han var tvungen att spela den p\u00e5 Spotify samtidigt, s\u00e5 att han ens skulle kunna sjunga den, d\u00e5 han inte kunde den nya melodin (precis som om han inte kunde ha sjungit den gamla melodin ist\u00e4llet&#8230;). Det gick som det gick, och var inte alls s\u00e4rskilt vackert, och jag undrade varf\u00f6r han inte bara kunde sjunga Ja m\u00e5 han leva ist\u00e4llet.<\/p>\n<p>Jag vaknade sedan upp, till ny s\u00e5ng, den r\u00e4tta, vilket var en l\u00e4ttnad. Och jag ins\u00e5g ju d\u00e5 ocks\u00e5 att jag faktiskt somnat om trots allt. S\u00e5 d\u00e4r kom Fredrik, sjungande, och med paket. :) Jag fick en bok, M\u00e5npalatset av Paul Auster, och en hush\u00e5llsassistent, valfri. Det lutar mot en Kitchen Aid. Vilken sn\u00e4ll sambo jag har. :)<\/p>\n<p>Sen b\u00f6rjade sms:en och h\u00e4lsningarna p\u00e5 Facebook rulla in&#8230; Det \u00e4r en del av det jag gillar med att fylla \u00e5r, att alla uppm\u00e4rksammar en, och tack vare Facebook \u00e4ven de man inte v\u00e4xlat ett ord med p\u00e5 flera \u00e5r. Dom har skrattat lite \u00e5t mig p\u00e5 jobbet p\u00e5 sistone, d\u00e5 jag har pratat om min f\u00f6delsedag sen i b\u00f6rjan av december, men det h\u00f6r v\u00e4l ihop med att jag verkligen tycker om att fylla \u00e5r, d\u00e5 vill jag v\u00e4l kanske ocks\u00e5 att folk ska veta det s\u00e5 jag f\u00e5r m\u00e5nga grattis. :)<\/p>\n<p>Man kan v\u00e4l s\u00e4ga att jag typ mutade mina kollegor till att s\u00e4ga grattis, d\u00e5 jag hade med mig b\u00e5de dajmt\u00e5rta och mar\u00e4nger idag, och bj\u00f6d in alla som ville fika lite. Och jag fick till och med presenter. Anders gav mig en p\u00e5se djungelvr\u00e5lsklubbor, dom \u00e4r sjukt goda. Eddie gav mig ett hemmagjort halsband, och Joni hade gjort ett j\u00e4ttefint kort (Anders \u00e4r vuxen, Eddie och Joni \u00e4r fem respektive sju).<\/p>\n<p>Nu har precis de sista g\u00e4sterna g\u00e5tt hem, har haft kalas p\u00e5 hemmaplan ocks\u00e5. Och det var inte f\u00f6r att f\u00e5 presenter, utan f\u00f6r att f\u00e5 baka, och givetvis \u00e4ta, t\u00e5rta. Det var mycket trevligt, och jag fick presenter, vilket ju inte alls var meningen. Det k\u00e4nns lite sniket att bjuda in till kalas, bara f\u00f6r att f\u00e5 presenter, jag vill ju inte tvinga folk att k\u00f6pa n\u00e5t, jag ville ju helt enkelt bara f\u00e5 fira mig sj\u00e4lv&#8230;<\/p>\n<p>Nu ska jag avsluta min f\u00f6delsedag med att gilla en himla massa p\u00e5 Facebook, och kanske packa lite ocks\u00e5, vi \u00e5ker till London imorgon eftermiddag. Summa summarum har det varit en bra f\u00f6delsedag, med m\u00e5nga fina presenter, och jag ser redan fram emot n\u00e4sta \u00e5r, n\u00e4sta f\u00f6delsedag! Fram tills dess f\u00e5r jag fokusera p\u00e5 Fredriks f\u00f6delsedag, det \u00e4r ju n\u00e4stan lika roligt n\u00e4r han fyller \u00e5r. :)<\/p>\n<p>Tack f\u00f6r alla gratulationer!!!<\/p>\n","protected":false},"excerpt":{"rendered":"<p>S\u00e5 \u00e4r det d\u00e5 min f\u00f6delsedag igen. Jag tycker om att fylla \u00e5r. Jag f\u00f6rknippar det inte p\u00e5 n\u00e5got s\u00e4tt med att bli \u00e4ldre (\u00e4ven om jag givetvis f\u00f6rst\u00e5r att jag blir det) utan mer med tanken p\u00e5 att det \u00e4r min dag och ingen annans. Nu vet jag ju i och f\u00f6r sig att<\/p>\n<footer class=\"entry-footer index-entry\">\n<div class=\"post-social pull-left\"><a href=\"https:\/\/www.facebook.com\/sharer\/sharer.php?u=http%3A%2F%2Fwww.pratamedrut.se%2Fblog%2Fatt-fylla-ar%2F\" target=\"_blank\" class=\"social-icons\"><i class=\"fa fa-facebook\" aria-hidden=\"true\"><\/i><\/a><a href=\"https:\/\/twitter.com\/home?status=http%3A%2F%2Fwww.pratamedrut.se%2Fblog%2Fatt-fylla-ar%2F\" target=\"_blank\" class=\"social-icons\"><i class=\"fa fa-twitter\" aria-hidden=\"true\"><\/i><\/a><a href=\"https:\/\/www.linkedin.com\/shareArticle?mini=true&#038;url=http%3A%2F%2Fwww.pratamedrut.se%2Fblog%2Fatt-fylla-ar%2F&#038;title=Att+fylla+%C3%A5r\" target=\"_blank\" class=\"social-icons\"><i class=\"fa fa-linkedin\" aria-hidden=\"true\"><\/i><\/a><\/div>\n<p class=\"link-more\"><a href=\"http:\/\/www.pratamedrut.se\/blog\/att-fylla-ar\/\" class=\"more-link\">Continue reading <span class=\"meta-nav\">\u2192<\/span><\/a><\/p>\n<\/footer>\n","protected":false},"author":2,"featured_media":0,"comment_status":"open","ping_status":"open","sticky":false,"template":"","format":"standard","meta":{"ngg_post_thumbnail":0},"categories":[3,5],"tags":[],"jetpack_featured_media_url":"","_links":{"self":[{"href":"http:\/\/www.pratamedrut.se\/blog\/wp-json\/wp\/v2\/posts\/1043"}],"collection":[{"href":"http:\/\/www.pratamedrut.se\/blog\/wp-json\/wp\/v2\/posts"}],"about":[{"href":"http:\/\/www.pratamedrut.se\/blog\/wp-json\/wp\/v2\/types\/post"}],"author":[{"embeddable":true,"href":"http:\/\/www.pratamedrut.se\/blog\/wp-json\/wp\/v2\/users\/2"}],"replies":[{"embeddable":true,"href":"http:\/\/www.pratamedrut.se\/blog\/wp-json\/wp\/v2\/comments?post=1043"}],"version-history":[{"count":3,"href":"http:\/\/www.pratamedrut.se\/blog\/wp-json\/wp\/v2\/posts\/1043\/revisions"}],"predecessor-version":[{"id":1046,"href":"http:\/\/www.pratamedrut.se\/blog\/wp-json\/wp\/v2\/posts\/1043\/revisions\/1046"}],"wp:attachment":[{"href":"http:\/\/www.pratamedrut.se\/blog\/wp-json\/wp\/v2\/media?parent=1043"}],"wp:term":[{"taxonomy":"category","embeddable":true,"href":"http:\/\/www.pratamedrut.se\/blog\/wp-json\/wp\/v2\/categories?post=1043"},{"taxonomy":"post_tag","embeddable":true,"href":"http:\/\/www.pratamedrut.se\/blog\/wp-json\/wp\/v2\/tags?post=1043"}],"curies":[{"name":"wp","href":"https:\/\/api.w.org\/{rel}","templated":true}]}}