{"id":1023,"date":"2011-11-13T22:38:30","date_gmt":"2011-11-13T21:38:30","guid":{"rendered":"http:\/\/www.pratamedrut.se\/blog\/?p=1023"},"modified":"2011-11-13T22:38:30","modified_gmt":"2011-11-13T21:38:30","slug":"en-helg-i-kreativitetens-tecken","status":"publish","type":"post","link":"http:\/\/www.pratamedrut.se\/blog\/en-helg-i-kreativitetens-tecken\/","title":{"rendered":"En helg i kreativitetens tecken"},"content":{"rendered":"<p>I helgen har Fredrik varit p\u00e5 utbildning, l\u00f6rdag-s\u00f6ndag 9-17, mycket fri tid f\u00f6r mig med andra ord.<\/p>\n<p>Jag hade redan tidigt best\u00e4mt mig f\u00f6r att tillbringa helgen framf\u00f6r symaskinen, det var ju ett tag sedan nu, och det l\u00e5g en hel del p\u00e5 h\u00f6g som inte blivit av, plus n\u00e5gra nya projekt, t.ex fr\u00e5n Syfestivalen.<\/p>\n<p>Jag gick inte upp lika tidigt som Fredrik, men kl 9 var jag ur s\u00e4ngen i alla fall, och b\u00f6rjade se \u00f6ver helgens plan. M\u00e5let var att sy en kl\u00e4nning av tyg jag k\u00f6pte i somras, en trekantsnecces\u00e4r till Fredriks mamma (hon fr\u00e5gade efter en f\u00f6r l\u00e4nge-l\u00e4nge sedan), en undertr\u00f6ja av ett slinkigt underkl\u00e4destyg jag k\u00f6pte p\u00e5 Syfestivalen, en m\u00f6ssa av e-sl\u00f6jdtrik\u00e5 som jag ocks\u00e5 k\u00f6pte p\u00e5 syfestivalen samt i alla fall b\u00f6rja p\u00e5 att g\u00f6ra om ett par gamla jeans till en kjol.<\/p>\n<p>B\u00f6rjade med att fixa till ett m\u00f6nster till undertr\u00f6jan, ritade helt sonika av en redan befintlig som jag tycker funkar bra. Ins\u00e5g dock att jag inte hade n\u00e5gon bra tr\u00e5d, s\u00e5 fick l\u00e4gga bort dom f\u00e4rdigklippta bitarna och b\u00f6rja p\u00e5 n\u00e4sta projekt, kl\u00e4nningen. Ins\u00e5g dock att jag inte hade tr\u00e5d till det heller, s\u00e5 d\u00e5 gick jag \u00f6ver till m\u00f6ssan. Det gick finemang, men d\u00e5 tog min svarta tr\u00e5d slut. Det var droppen som fick b\u00e4garen att rinna \u00f6ver, jag m\u00e5ste ha tr\u00e5d. S\u00e5 jag fick helt enkelt bege mig mot stan. Det tog en timme allt som allt, men hem kom jag i alla fall med 5 rullar tr\u00e5d och en dragkedja, nu var det dags att b\u00f6rja p\u00e5 riktigt&#8230;<\/p>\n<p>Det gick fin-fint med tr\u00f6jan, fick sy in den lite i midjan, men det var ju l\u00e4tt gjort. Tanken \u00e4r att jag ska kunna ha den under typ stickade tr\u00f6jor som inga andra tr\u00f6jor funkar att ha under f\u00f6r att det syns f\u00f6r mycket. S\u00e5 h\u00e4r blev den. Kanske inte s\u00e5 vacker, men den ska ju inte synas&#8230;<br \/>\n<a href=\"http:\/\/www.pratamedrut.se\/blog\/wp-content\/uploads\/2011\/11\/undertroja.jpg\" rel=\"lightbox[1023]\"><img decoding=\"async\" loading=\"lazy\" class=\"aligncenter size-medium wp-image-1024\" title=\"undertroja\" src=\"http:\/\/www.pratamedrut.se\/blog\/wp-content\/uploads\/2011\/11\/undertroja-225x300.jpg\" alt=\"\" width=\"225\" height=\"300\" srcset=\"http:\/\/www.pratamedrut.se\/blog\/wp-content\/uploads\/2011\/11\/undertroja-225x300.jpg 225w, http:\/\/www.pratamedrut.se\/blog\/wp-content\/uploads\/2011\/11\/undertroja-768x1024.jpg 768w, http:\/\/www.pratamedrut.se\/blog\/wp-content\/uploads\/2011\/11\/undertroja.jpg 1536w\" sizes=\"(max-width: 225px) 100vw, 225px\" \/><\/a><\/p>\n<p>M\u00f6ssan beh\u00f6ver v\u00e4l ingen bild, dom har ni ju sett f\u00f6rut. Har f\u00f6rresten en svart till \u00f6vers om n\u00e5gon vill k\u00f6pa. Passar dig med storlek 56 (cm) eller mindre. Sydde trekantsnecces\u00e4ren nu ocks\u00e5, lika bra att f\u00e5 det gjort, den g\u00e5r s\u00e5 fort. Den blev lite st\u00f6rre den h\u00e4r g\u00e5ngen, hade en lite l\u00e4ngre dragkedja.<\/p>\n<p>Nu var l\u00f6rdagen slut, och Fredrik kom hem. Dags f\u00f6r middag och h\u00e4ng i soffan. Fick dock lite mer kli i syfingrarna, s\u00e5 jag b\u00f6rjade spr\u00e4tta upp jeansen. Det gick fortare \u00e4n jag r\u00e4knat med, och helt pl\u00f6tsligt hade jag \u00e4ven n\u00e5lat ihop den igen, men delar av byxbenen i &#8221;glappet&#8221; mellan benen. Orkade dock inte sy mer, det fick v\u00e4nta en dag.<\/p>\n<p>Upp igen s\u00f6ndag morgon kl 9 och gav mig direkt p\u00e5 kl\u00e4nningen. Hade k\u00f6pt b\u00e5de bl\u00e5 och vit trik\u00e5, tanken var att f\u00e5 till n\u00e5got blandat, dock inte best\u00e4mt hur. Jag funderade lite fram och tillbaka, och best\u00e4mde mig f\u00f6r att g\u00f6ra n\u00e5got ganska enkelt, i alla fall den h\u00e4r g\u00e5ngen. Det skulle bli vitt p\u00e5 framstycket vid halslinningen och ut \u00f6ver \u00e4rmen, och sedan bl\u00e5tt resten, men med ett veck p\u00e5 mitten. Det gick faktiskt fortare \u00e4n jag r\u00e4knat med, \u00e4ven om det var lite pill att byta tr\u00e5d fram och tillbaka f\u00f6r att h\u00e5lla mig till att sy med vitt p\u00e5 vitt och bl\u00e5tt p\u00e5 bl\u00e5tt. Kanske f\u00e5r bli finm\u00e5ndag imorgon. =) Den lilla bilden i bilden \u00e4r f\u00f6r att visa p\u00e5 &#8221;vecket&#8221;, det syns inte s\u00e5 bra p\u00e5 bilden annars.<\/p>\n<p><a href=\"http:\/\/www.pratamedrut.se\/blog\/wp-content\/uploads\/2011\/11\/klanning.jpg\" rel=\"lightbox[1023]\"><img decoding=\"async\" loading=\"lazy\" class=\"aligncenter size-medium wp-image-1025\" title=\"klanning\" src=\"http:\/\/www.pratamedrut.se\/blog\/wp-content\/uploads\/2011\/11\/klanning-225x300.jpg\" alt=\"\" width=\"225\" height=\"300\" srcset=\"http:\/\/www.pratamedrut.se\/blog\/wp-content\/uploads\/2011\/11\/klanning-225x300.jpg 225w, http:\/\/www.pratamedrut.se\/blog\/wp-content\/uploads\/2011\/11\/klanning.jpg 567w\" sizes=\"(max-width: 225px) 100vw, 225px\" \/><\/a><br \/>\nFastnade lite p\u00e5 en tanke om att s\u00e4tta p\u00e5 fickor, det tog en stund att finurla och provsy, bara f\u00f6r att komma fram till att det nog skulle bli b\u00e4ttre utan, s\u00e5 d\u00e5 var den ju klar. Gav mig d\u00e5 p\u00e5 jeanskjolen. Jeansen \u00e4r ett par som jag k\u00f6pte h\u00f6sten 2003, mina f\u00f6rsta jeans p\u00e5 d\u00e5 flera \u00e5r efter att jag blivit smal(are). Det finns n\u00e5got visst i de d\u00e4r jeansen, kanske just f\u00f6r att jag f\u00f6r f\u00f6rsta g\u00e5ngen p\u00e5 l\u00e4nge trivdes i ett par jeans. Problemet \u00e4r bara att modellen \u00e4r otroligt tr\u00e5kig nu, s\u00e5 lika bra att g\u00f6ra om dom. :) F\u00f6rutom att sy de s\u00f6mmar jag n\u00e5lade ig\u00e5r var jag tvungen att ta in lite p\u00e5 sidorna med, den blev lite f\u00f6r vid annars. Men jag \u00e4r n\u00f6jd med resultatet. S\u00e5 pass n\u00f6jd att jag tog p\u00e5 mig den n\u00e4r jag senare gav mig iv\u00e4g f\u00f6r att g\u00e5 p\u00e5 s\u00f6ndagsmiddag med Fredrik och hans f\u00f6r\u00e4ldrar.<\/p>\n<p><a href=\"http:\/\/www.pratamedrut.se\/blog\/wp-content\/uploads\/2011\/11\/jeanskjol.jpg\" rel=\"lightbox[1023]\"><img decoding=\"async\" loading=\"lazy\" class=\"aligncenter size-medium wp-image-1026\" title=\"jeanskjol\" src=\"http:\/\/www.pratamedrut.se\/blog\/wp-content\/uploads\/2011\/11\/jeanskjol-200x300.jpg\" alt=\"\" width=\"200\" height=\"300\" srcset=\"http:\/\/www.pratamedrut.se\/blog\/wp-content\/uploads\/2011\/11\/jeanskjol-200x300.jpg 200w, http:\/\/www.pratamedrut.se\/blog\/wp-content\/uploads\/2011\/11\/jeanskjol-683x1024.jpg 683w, http:\/\/www.pratamedrut.se\/blog\/wp-content\/uploads\/2011\/11\/jeanskjol.jpg 1167w\" sizes=\"(max-width: 200px) 100vw, 200px\" \/><\/a><\/p>\n<p>Under hela helgen har min CD-samling f\u00e5tt mig p\u00e5 r\u00e4tt hum\u00f6r. De skivor som spelats \u00e4r:<br \/>\nWeezer &#8211; Bl\u00e5a skivan, Pinkerton, R\u00f6da skivan<br \/>\nFoo Fighters &#8211; The Colour and the shape<br \/>\nSalt &#8211; Auscultate<br \/>\nPanic at the Disco &#8211; A fever you can&#8217;t sweat out<br \/>\nLifehouse &#8211; Stanley Climbfall<br \/>\nThe Killers &#8211; Day &amp; Age<br \/>\nPrimitive Radio Gods &#8211; Rocket<br \/>\nStereophonics &#8211; Just enough education to perform<br \/>\nLaleh &#8211; Laleh<br \/>\nMartha Wainwright &#8211; Martha Wainwright<br \/>\nRegina Spector &#8211; Begin to hope<br \/>\nMiss Li &#8211; Late night heartbroken blues<\/p>\n<p>Mycket bra sy-musik m\u00e5ste jag ju s\u00e4ga. :) N\u00e5gra av skivorna fick g\u00e5 flera varv, inte f\u00f6r att jag var f\u00f6r lat f\u00f6r att byta, utan helt enkelt f\u00f6r att dom \u00e4r s\u00e5 himla bra. Pinkerton fick g\u00e5 tre varv innan jag bytte, vilka l\u00e5tar det finns p\u00e5 den skivan, jag blir b\u00e5de nostalgisk och lycklig p\u00e5 en och samma g\u00e5ng.<\/p>\n<p>Nu \u00e4r helgen \u00f6ver och det \u00e4r dags att jobba p\u00e5 riktigt imorgon. Dags att sova med andra ord, s\u00e5 jag \u00e4r pigg och glad imorgon, mycket att g\u00f6ra&#8230;<\/p>\n","protected":false},"excerpt":{"rendered":"<p>I helgen har Fredrik varit p\u00e5 utbildning, l\u00f6rdag-s\u00f6ndag 9-17, mycket fri tid f\u00f6r mig med andra ord. Jag hade redan tidigt best\u00e4mt mig f\u00f6r att tillbringa helgen framf\u00f6r symaskinen, det var ju ett tag sedan nu, och det l\u00e5g en hel del p\u00e5 h\u00f6g som inte blivit av, plus n\u00e5gra nya projekt, t.ex fr\u00e5n Syfestivalen.<\/p>\n<footer class=\"entry-footer index-entry\">\n<div class=\"post-social pull-left\"><a href=\"https:\/\/www.facebook.com\/sharer\/sharer.php?u=http%3A%2F%2Fwww.pratamedrut.se%2Fblog%2Fen-helg-i-kreativitetens-tecken%2F\" target=\"_blank\" class=\"social-icons\"><i class=\"fa fa-facebook\" aria-hidden=\"true\"><\/i><\/a><a href=\"https:\/\/twitter.com\/home?status=http%3A%2F%2Fwww.pratamedrut.se%2Fblog%2Fen-helg-i-kreativitetens-tecken%2F\" target=\"_blank\" class=\"social-icons\"><i class=\"fa fa-twitter\" aria-hidden=\"true\"><\/i><\/a><a href=\"https:\/\/www.linkedin.com\/shareArticle?mini=true&#038;url=http%3A%2F%2Fwww.pratamedrut.se%2Fblog%2Fen-helg-i-kreativitetens-tecken%2F&#038;title=En+helg+i+kreativitetens+tecken\" target=\"_blank\" class=\"social-icons\"><i class=\"fa fa-linkedin\" aria-hidden=\"true\"><\/i><\/a><\/div>\n<p class=\"link-more\"><a href=\"http:\/\/www.pratamedrut.se\/blog\/en-helg-i-kreativitetens-tecken\/\" class=\"more-link\">Continue reading <span class=\"meta-nav\">\u2192<\/span><\/a><\/p>\n<\/footer>\n","protected":false},"author":2,"featured_media":0,"comment_status":"open","ping_status":"open","sticky":false,"template":"","format":"standard","meta":{"ngg_post_thumbnail":0},"categories":[3,8,12],"tags":[],"jetpack_featured_media_url":"","_links":{"self":[{"href":"http:\/\/www.pratamedrut.se\/blog\/wp-json\/wp\/v2\/posts\/1023"}],"collection":[{"href":"http:\/\/www.pratamedrut.se\/blog\/wp-json\/wp\/v2\/posts"}],"about":[{"href":"http:\/\/www.pratamedrut.se\/blog\/wp-json\/wp\/v2\/types\/post"}],"author":[{"embeddable":true,"href":"http:\/\/www.pratamedrut.se\/blog\/wp-json\/wp\/v2\/users\/2"}],"replies":[{"embeddable":true,"href":"http:\/\/www.pratamedrut.se\/blog\/wp-json\/wp\/v2\/comments?post=1023"}],"version-history":[{"count":2,"href":"http:\/\/www.pratamedrut.se\/blog\/wp-json\/wp\/v2\/posts\/1023\/revisions"}],"predecessor-version":[{"id":1028,"href":"http:\/\/www.pratamedrut.se\/blog\/wp-json\/wp\/v2\/posts\/1023\/revisions\/1028"}],"wp:attachment":[{"href":"http:\/\/www.pratamedrut.se\/blog\/wp-json\/wp\/v2\/media?parent=1023"}],"wp:term":[{"taxonomy":"category","embeddable":true,"href":"http:\/\/www.pratamedrut.se\/blog\/wp-json\/wp\/v2\/categories?post=1023"},{"taxonomy":"post_tag","embeddable":true,"href":"http:\/\/www.pratamedrut.se\/blog\/wp-json\/wp\/v2\/tags?post=1023"}],"curies":[{"name":"wp","href":"https:\/\/api.w.org\/{rel}","templated":true}]}}